{"id":51172,"date":"2023-09-16T23:14:46","date_gmt":"2023-09-17T02:14:46","guid":{"rendered":"https:\/\/www.portalalerta.com.br\/?p=51172"},"modified":"2023-09-16T23:14:48","modified_gmt":"2023-09-17T02:14:48","slug":"comunidades-quilombolas-definem-25-de-novembro-como-dia-da-festa-da-consciencia-negra-em-jeremoabo-ba","status":"publish","type":"post","link":"https:\/\/www.portalalerta.com.br\/index.php\/2023\/09\/16\/comunidades-quilombolas-definem-25-de-novembro-como-dia-da-festa-da-consciencia-negra-em-jeremoabo-ba\/","title":{"rendered":"Comunidades Quilombolas definem 25 de novembro como dia da Festa da Consci\u00eancia Negra em Jeremoabo-BA"},"content":{"rendered":"\n<p>As comunidades quilombolas jeremoabenses estiveram reunidas neste s\u00e1bado (16), no Sal\u00e3o Paroquial da Igreja Matriz em Jeremoabo-BA, para defini\u00e7\u00e3o da Festa da Consci\u00eancia Negra 2023.<\/p>\n\n\n\n<!--more-->\n\n\n\n<p>Ficou definida a data de 25.11.2023, s\u00e1bado, para o evento, j\u00e1 tradicional, e que este ano vai acontecer no povoado Barroca.<\/p>\n\n\n\n<p>A programa\u00e7\u00e3o do dia vai ser: 8h30 caminhada pelas ruas; 10h30 Audi\u00eancia P\u00fablica; 14h Expo quilombola; 15h celebra\u00e7\u00e3o religiosa com missa; 16h celebra\u00e7\u00e3o cultural.<\/p>\n\n\n\n<p>As novidades deste ano \u00e9 o retorno da Audi\u00eancia P\u00fablica, momento que re\u00fane Secretarias Municipais, C\u00e2mara de Vereadores e \u00f3rg\u00e3os do Estado no compromisso de execu\u00e7\u00e3o de Pol\u00edticas P\u00fablicas nas comunidades.<\/p>\n\n\n\n<p>Outra novidade \u00e9 a realiza\u00e7\u00e3o da Feira de Produtos das comunidades Quilombolas, chamada de \u201cExpoquilombola\u201d, um espa\u00e7o de mostra e venda de produtos das comunidades.<\/p>\n\n\n\n<p>Outra reuni\u00e3o ficou marcada para o dia 21.10.2023.<\/p>\n\n\n\n<p><em>Fonte: Jeremoabo.com.br<\/em><\/p>\n","protected":false},"excerpt":{"rendered":"<p>As comunidades quilombolas jeremoabenses estiveram reunidas neste s\u00e1bado (16), no Sal\u00e3o Paroquial da Igreja Matriz em Jeremoabo-BA, para defini\u00e7\u00e3o da Festa da Consci\u00eancia Negra 2023.<\/p>\n","protected":false},"author":2,"featured_media":51173,"comment_status":"open","ping_status":"open","sticky":false,"template":"","format":"standard","meta":{"om_disable_all_campaigns":false,"_monsterinsights_skip_tracking":false,"_monsterinsights_sitenote_active":false,"_monsterinsights_sitenote_note":"","_monsterinsights_sitenote_category":0,"footnotes":""},"categories":[70,9,69,32],"tags":[100,71,48,75,4178,4180,129,107,4181,132,230,106,203,120,51,109,1208,88,47,111],"class_list":["post-51172","post","type-post","status-publish","format-standard","has-post-thumbnail","hentry","category-destaques","category-jeremoabo","category-noticias2","category-regiao","tag-adustina","tag-antas","tag-araci","tag-cicero-dantas","tag-cipo-2","tag-crisopolis-2","tag-euclides-da-cunha","tag-fatima","tag-heliopolis-2","tag-itapicuru","tag-jeremoabo","tag-nova-soure","tag-novo-triunfo","tag-olindina","tag-paripiranga","tag-quijingue","tag-quilombolas","tag-ribeira-do-amparo","tag-ribeira-do-pombal","tag-sitio-do-quinto"],"aioseo_notices":[],"_links":{"self":[{"href":"https:\/\/www.portalalerta.com.br\/index.php\/wp-json\/wp\/v2\/posts\/51172","targetHints":{"allow":["GET"]}}],"collection":[{"href":"https:\/\/www.portalalerta.com.br\/index.php\/wp-json\/wp\/v2\/posts"}],"about":[{"href":"https:\/\/www.portalalerta.com.br\/index.php\/wp-json\/wp\/v2\/types\/post"}],"author":[{"embeddable":true,"href":"https:\/\/www.portalalerta.com.br\/index.php\/wp-json\/wp\/v2\/users\/2"}],"replies":[{"embeddable":true,"href":"https:\/\/www.portalalerta.com.br\/index.php\/wp-json\/wp\/v2\/comments?post=51172"}],"version-history":[{"count":1,"href":"https:\/\/www.portalalerta.com.br\/index.php\/wp-json\/wp\/v2\/posts\/51172\/revisions"}],"predecessor-version":[{"id":51174,"href":"https:\/\/www.portalalerta.com.br\/index.php\/wp-json\/wp\/v2\/posts\/51172\/revisions\/51174"}],"wp:featuredmedia":[{"embeddable":true,"href":"https:\/\/www.portalalerta.com.br\/index.php\/wp-json\/wp\/v2\/media\/51173"}],"wp:attachment":[{"href":"https:\/\/www.portalalerta.com.br\/index.php\/wp-json\/wp\/v2\/media?parent=51172"}],"wp:term":[{"taxonomy":"category","embeddable":true,"href":"https:\/\/www.portalalerta.com.br\/index.php\/wp-json\/wp\/v2\/categories?post=51172"},{"taxonomy":"post_tag","embeddable":true,"href":"https:\/\/www.portalalerta.com.br\/index.php\/wp-json\/wp\/v2\/tags?post=51172"}],"curies":[{"name":"wp","href":"https:\/\/api.w.org\/{rel}","templated":true}]}}