{"id":51175,"date":"2023-09-16T23:58:43","date_gmt":"2023-09-17T02:58:43","guid":{"rendered":"https:\/\/www.portalalerta.com.br\/?p=51175"},"modified":"2023-09-16T23:58:45","modified_gmt":"2023-09-17T02:58:45","slug":"deputado-lanca-pre-candidatura-de-dr-igor-em-tucano-ba","status":"publish","type":"post","link":"https:\/\/www.portalalerta.com.br\/index.php\/2023\/09\/16\/deputado-lanca-pre-candidatura-de-dr-igor-em-tucano-ba\/","title":{"rendered":"Deputado lan\u00e7a pr\u00e9-candidatura de Dr. Igor em Tucano-BA"},"content":{"rendered":"\n<p>O Deputado Federal e l\u00edder do PT na C\u00e2mara, Josias Gomes, lan\u00e7ou a pr\u00e9-candidatura de Dr. Igor \u00e0 prefeitura de Tucano-BA.<\/p>\n\n\n\n<!--more-->\n\n\n<div class=\"wp-block-image\">\n<figure class=\"alignleft size-full is-resized\"><img fetchpriority=\"high\" decoding=\"async\" src=\"https:\/\/www.portalalerta.com.br\/wp-content\/uploads\/2021\/04\/ELAB.jpg\" alt=\"\" class=\"wp-image-34795\" width=\"391\" height=\"312\" srcset=\"https:\/\/www.portalalerta.com.br\/wp-content\/uploads\/2021\/04\/ELAB.jpg 1000w, https:\/\/www.portalalerta.com.br\/wp-content\/uploads\/2021\/04\/ELAB-300x240.jpg 300w, https:\/\/www.portalalerta.com.br\/wp-content\/uploads\/2021\/04\/ELAB-768x614.jpg 768w, https:\/\/www.portalalerta.com.br\/wp-content\/uploads\/2021\/04\/ELAB-183x146.jpg 183w, https:\/\/www.portalalerta.com.br\/wp-content\/uploads\/2021\/04\/ELAB-50x40.jpg 50w, https:\/\/www.portalalerta.com.br\/wp-content\/uploads\/2021\/04\/ELAB-94x75.jpg 94w\" sizes=\"(max-width: 391px) 100vw, 391px\" \/><\/figure><\/div>\n\n\n<p><strong><em>\u201cA hist\u00f3ria de um munic\u00edpio \u00e9 escrita pelo trabalho. Dr Igor cravou o seu nome na hist\u00f3ria de Tucano como prefeito petista que implantou o nosso modo democr\u00e1tico e desenvolvimentista de governar. Em 2024, a cidade tem uma oportunidade excepcional de ter presidente, governador e prefeito do PT. Tenho convic\u00e7\u00e3o de que Dr. Igor ao lado das nossas lideran\u00e7as, classe trabalhadora, com o meu apoio, de Lula e Jer\u00f4nimo poderemos retomar o per\u00edodo de a\u00e7\u00f5es transformadoras e reiniciar um governo petista de forte participa\u00e7\u00e3o popular no munic\u00edpio\u201d<\/em><\/strong>, afirmou o deputado.<\/p>\n\n\n\n<p>Dr. Igor foi prefeito do munic\u00edpio entre 2013 e 2016, ap\u00f3s ser eleito com 54,58% dos votos. Na elei\u00e7\u00e3o seguinte foi derrotado por Dr. S\u00e9rgio, o que impossibilitou a sua reelei\u00e7\u00e3o. J\u00e1 no \u00faltimo pleito, ficou em \u00faltimo lugar, com apenas 1.016 votos (3,53%).<\/p>\n\n\n\n<p><em>Reda\u00e7\u00e3o: Portal Alerta<\/em><\/p>\n\n\n\n<p><em>Com informa\u00e7\u00f5es: Joilson Costa<\/em><\/p>\n","protected":false},"excerpt":{"rendered":"<p>O Deputado Federal e l\u00edder do PT na C\u00e2mara, Josias Gomes, lan\u00e7ou a pr\u00e9-candidatura de Dr. Igor \u00e0 prefeitura de Tucano-BA.<\/p>\n","protected":false},"author":2,"featured_media":36416,"comment_status":"open","ping_status":"open","sticky":false,"template":"","format":"standard","meta":{"om_disable_all_campaigns":false,"_monsterinsights_skip_tracking":false,"_monsterinsights_sitenote_active":false,"_monsterinsights_sitenote_note":"","_monsterinsights_sitenote_category":0,"footnotes":""},"categories":[70,69,21,32,12],"tags":[100,71,48,75,4178,4180,3375,5695,129,107,4181,132,230,106,203,120,51,3004,198,109,88,47,111,190],"class_list":["post-51175","post","type-post","status-publish","format-standard","has-post-thumbnail","hentry","category-destaques","category-noticias2","category-politica","category-regiao","category-tucano","tag-adustina","tag-antas","tag-araci","tag-cicero-dantas","tag-cipo-2","tag-crisopolis-2","tag-dr-igor","tag-eleicoes-2024","tag-euclides-da-cunha","tag-fatima","tag-heliopolis-2","tag-itapicuru","tag-jeremoabo","tag-nova-soure","tag-novo-triunfo","tag-olindina","tag-paripiranga","tag-pre-candidato","tag-prefeito","tag-quijingue","tag-ribeira-do-amparo","tag-ribeira-do-pombal","tag-sitio-do-quinto","tag-tucano"],"aioseo_notices":[],"_links":{"self":[{"href":"https:\/\/www.portalalerta.com.br\/index.php\/wp-json\/wp\/v2\/posts\/51175","targetHints":{"allow":["GET"]}}],"collection":[{"href":"https:\/\/www.portalalerta.com.br\/index.php\/wp-json\/wp\/v2\/posts"}],"about":[{"href":"https:\/\/www.portalalerta.com.br\/index.php\/wp-json\/wp\/v2\/types\/post"}],"author":[{"embeddable":true,"href":"https:\/\/www.portalalerta.com.br\/index.php\/wp-json\/wp\/v2\/users\/2"}],"replies":[{"embeddable":true,"href":"https:\/\/www.portalalerta.com.br\/index.php\/wp-json\/wp\/v2\/comments?post=51175"}],"version-history":[{"count":1,"href":"https:\/\/www.portalalerta.com.br\/index.php\/wp-json\/wp\/v2\/posts\/51175\/revisions"}],"predecessor-version":[{"id":51176,"href":"https:\/\/www.portalalerta.com.br\/index.php\/wp-json\/wp\/v2\/posts\/51175\/revisions\/51176"}],"wp:featuredmedia":[{"embeddable":true,"href":"https:\/\/www.portalalerta.com.br\/index.php\/wp-json\/wp\/v2\/media\/36416"}],"wp:attachment":[{"href":"https:\/\/www.portalalerta.com.br\/index.php\/wp-json\/wp\/v2\/media?parent=51175"}],"wp:term":[{"taxonomy":"category","embeddable":true,"href":"https:\/\/www.portalalerta.com.br\/index.php\/wp-json\/wp\/v2\/categories?post=51175"},{"taxonomy":"post_tag","embeddable":true,"href":"https:\/\/www.portalalerta.com.br\/index.php\/wp-json\/wp\/v2\/tags?post=51175"}],"curies":[{"name":"wp","href":"https:\/\/api.w.org\/{rel}","templated":true}]}}