{"id":51184,"date":"2023-09-18T19:18:22","date_gmt":"2023-09-18T22:18:22","guid":{"rendered":"https:\/\/www.portalalerta.com.br\/?p=51184"},"modified":"2023-09-18T19:18:24","modified_gmt":"2023-09-18T22:18:24","slug":"lira-critica-excessos-da-pf-e-diz-que-foi-massacrado-sobre-escandalo-do-kits-de-robotica","status":"publish","type":"post","link":"https:\/\/www.portalalerta.com.br\/index.php\/2023\/09\/18\/lira-critica-excessos-da-pf-e-diz-que-foi-massacrado-sobre-escandalo-do-kits-de-robotica\/","title":{"rendered":"Lira critica &#8220;excessos&#8221; da PF e diz que foi &#8220;massacrado&#8221; sobre esc\u00e2ndalo do kits de rob\u00f3tica"},"content":{"rendered":"\n<p>Ao comentar sobre o esquema dos kits de rob\u00f3ticas que seus aliados estavam envolvidos, o presidente da C\u00e2mara dos Deputados, Arthur Lira (PP), defendeu que o governo do presidente Luiz In\u00e1cio Lula da Silva (PT) \u201cprecisa ter cuidado\u201d com excessos gerados em investiga\u00e7\u00f5es feitas pela Pol\u00edcia Federal.&nbsp;<\/p>\n\n\n\n<!--more-->\n\n\n\n<p><strong><em>\u201cO governo tem que ter esse cuidado. O atual governo, eu tenho dito, tem que ter esse cuidado com alguns excessos que est\u00e3o aflorando. Eles foram resolvidos e est\u00e3o aflorando de novo com muita particularidade\u201d,<\/em><\/strong> afirmou Lira, nesta segunda-feira (18), em entrevista ao jornal Folha de S.Paulo.<\/p>\n\n\n<div class=\"wp-block-image\">\n<figure class=\"alignleft size-full is-resized\"><img fetchpriority=\"high\" decoding=\"async\" src=\"https:\/\/www.portalalerta.com.br\/wp-content\/uploads\/2021\/04\/ELAB.jpg\" alt=\"\" class=\"wp-image-34795\" width=\"404\" height=\"322\" srcset=\"https:\/\/www.portalalerta.com.br\/wp-content\/uploads\/2021\/04\/ELAB.jpg 1000w, https:\/\/www.portalalerta.com.br\/wp-content\/uploads\/2021\/04\/ELAB-300x240.jpg 300w, https:\/\/www.portalalerta.com.br\/wp-content\/uploads\/2021\/04\/ELAB-768x614.jpg 768w, https:\/\/www.portalalerta.com.br\/wp-content\/uploads\/2021\/04\/ELAB-183x146.jpg 183w, https:\/\/www.portalalerta.com.br\/wp-content\/uploads\/2021\/04\/ELAB-50x40.jpg 50w, https:\/\/www.portalalerta.com.br\/wp-content\/uploads\/2021\/04\/ELAB-94x75.jpg 94w\" sizes=\"(max-width: 404px) 100vw, 404px\" \/><\/figure><\/div>\n\n\n<p>Em junho, o ex-assessor do deputado, Luciano Cavalcante, foi exonerado do PP, ap\u00f3s se tornar alvo da PF por supostamente estar envolvido em um esquema de irregularidades na transfer\u00eancia de kits de rob\u00f3tica. Sobre a alega\u00e7\u00e3o, o presidente da Casa afirmou que <strong><em>\u201cn\u00e3o tem nada foi provado com rela\u00e7\u00e3o a isso, inclusive toda essa opera\u00e7\u00e3o foi anulada. Ao final e ao cabo, quando ela tiver o seu desfecho, as pessoas que fizeram ser\u00e3o todas responsabilizadas\u201d.<\/em><\/strong><\/p>\n\n\n\n<p>Lira afirmou que foi <strong><em>\u201cmassacrado durante dois meses\u201d<\/em><\/strong> por causa do caso, j\u00e1 que o assunto foi <strong><em>\u201ctotalmente desvirtuado\u201d<\/em><\/strong> do seu real prop\u00f3sito: o de achar os culpados do crime.<\/p>\n\n\n\n<p><strong><em>\u201cEu n\u00e3o estou aqui julgando ningu\u00e9m, estou dizendo por mim, que fui massacrado durante dois meses: aliados de Lira, parentes de Lira, assessor de Lira. Ent\u00e3o, tudo a seu cabo, essa opera\u00e7\u00e3o que aconteceu, que trata de um assunto depois que foi totalmente desvirtuado, ela foi anulada pelo STF, por v\u00edcio de iniciativa, persegui\u00e7\u00e3o de alvos, direcionamento de investiga\u00e7\u00e3o\u201d<\/em><\/strong>, concluiu.<\/p>\n\n\n\n<p><em>Fonte: Metro1<\/em><\/p>\n","protected":false},"excerpt":{"rendered":"<p>Ao comentar sobre o esquema dos kits de rob\u00f3ticas que seus aliados estavam envolvidos, o presidente da C\u00e2mara dos Deputados, Arthur Lira (PP), defendeu que o governo do presidente Luiz In\u00e1cio Lula da Silva (PT) \u201cprecisa ter cuidado\u201d com excessos gerados em investiga\u00e7\u00f5es feitas pela Pol\u00edcia Federal.&nbsp;<\/p>\n","protected":false},"author":2,"featured_media":32537,"comment_status":"open","ping_status":"open","sticky":false,"template":"","format":"standard","meta":{"om_disable_all_campaigns":false,"_monsterinsights_skip_tracking":false,"_monsterinsights_sitenote_active":false,"_monsterinsights_sitenote_note":"","_monsterinsights_sitenote_category":0,"footnotes":""},"categories":[34,70,69,21],"tags":[100,71,48,4203,75,4178,4180,129,107,249,4181,132,230,106,203,120,51,173,109,88,47,111],"class_list":["post-51184","post","type-post","status-publish","format-standard","has-post-thumbnail","hentry","category-brasil","category-destaques","category-noticias2","category-politica","tag-adustina","tag-antas","tag-araci","tag-arthur-lira","tag-cicero-dantas","tag-cipo-2","tag-crisopolis-2","tag-euclides-da-cunha","tag-fatima","tag-governo-federal","tag-heliopolis-2","tag-itapicuru","tag-jeremoabo","tag-nova-soure","tag-novo-triunfo","tag-olindina","tag-paripiranga","tag-policia-federal","tag-quijingue","tag-ribeira-do-amparo","tag-ribeira-do-pombal","tag-sitio-do-quinto"],"aioseo_notices":[],"_links":{"self":[{"href":"https:\/\/www.portalalerta.com.br\/index.php\/wp-json\/wp\/v2\/posts\/51184","targetHints":{"allow":["GET"]}}],"collection":[{"href":"https:\/\/www.portalalerta.com.br\/index.php\/wp-json\/wp\/v2\/posts"}],"about":[{"href":"https:\/\/www.portalalerta.com.br\/index.php\/wp-json\/wp\/v2\/types\/post"}],"author":[{"embeddable":true,"href":"https:\/\/www.portalalerta.com.br\/index.php\/wp-json\/wp\/v2\/users\/2"}],"replies":[{"embeddable":true,"href":"https:\/\/www.portalalerta.com.br\/index.php\/wp-json\/wp\/v2\/comments?post=51184"}],"version-history":[{"count":1,"href":"https:\/\/www.portalalerta.com.br\/index.php\/wp-json\/wp\/v2\/posts\/51184\/revisions"}],"predecessor-version":[{"id":51185,"href":"https:\/\/www.portalalerta.com.br\/index.php\/wp-json\/wp\/v2\/posts\/51184\/revisions\/51185"}],"wp:featuredmedia":[{"embeddable":true,"href":"https:\/\/www.portalalerta.com.br\/index.php\/wp-json\/wp\/v2\/media\/32537"}],"wp:attachment":[{"href":"https:\/\/www.portalalerta.com.br\/index.php\/wp-json\/wp\/v2\/media?parent=51184"}],"wp:term":[{"taxonomy":"category","embeddable":true,"href":"https:\/\/www.portalalerta.com.br\/index.php\/wp-json\/wp\/v2\/categories?post=51184"},{"taxonomy":"post_tag","embeddable":true,"href":"https:\/\/www.portalalerta.com.br\/index.php\/wp-json\/wp\/v2\/tags?post=51184"}],"curies":[{"name":"wp","href":"https:\/\/api.w.org\/{rel}","templated":true}]}}