{"id":51189,"date":"2023-09-18T19:43:46","date_gmt":"2023-09-18T22:43:46","guid":{"rendered":"https:\/\/www.portalalerta.com.br\/?p=51189"},"modified":"2023-09-18T19:43:48","modified_gmt":"2023-09-18T22:43:48","slug":"pf-envia-viaturas-blindadas-a-salvador-para-reforcar-combate-ao-crime-organizado","status":"publish","type":"post","link":"https:\/\/www.portalalerta.com.br\/index.php\/2023\/09\/18\/pf-envia-viaturas-blindadas-a-salvador-para-reforcar-combate-ao-crime-organizado\/","title":{"rendered":"PF envia viaturas blindadas a Salvador para refor\u00e7ar combate ao crime organizado"},"content":{"rendered":"\n<p>Tr\u00eas viaturas blindadas da Pol\u00edcia Federal embarcaram do&nbsp;Rio de Janeiro em um navio da Marinha, nesta segunda-feira (18), com destino a Salvador. A previs\u00e3o inicial \u00e9 que os ve\u00edculos cheguem \u00e0 capital baiana entre quarta-feira (20) e quinta-feira (21).<\/p>\n\n\n\n<!--more-->\n\n\n<div class=\"wp-block-image\">\n<figure class=\"alignleft size-full is-resized\"><img fetchpriority=\"high\" decoding=\"async\" src=\"https:\/\/www.portalalerta.com.br\/wp-content\/uploads\/2022\/03\/Cred-Real.1.jpg\" alt=\"\" class=\"wp-image-41523\" width=\"410\" height=\"328\" srcset=\"https:\/\/www.portalalerta.com.br\/wp-content\/uploads\/2022\/03\/Cred-Real.1.jpg 500w, https:\/\/www.portalalerta.com.br\/wp-content\/uploads\/2022\/03\/Cred-Real.1-300x240.jpg 300w, https:\/\/www.portalalerta.com.br\/wp-content\/uploads\/2022\/03\/Cred-Real.1-183x146.jpg 183w, https:\/\/www.portalalerta.com.br\/wp-content\/uploads\/2022\/03\/Cred-Real.1-50x40.jpg 50w, https:\/\/www.portalalerta.com.br\/wp-content\/uploads\/2022\/03\/Cred-Real.1-94x75.jpg 94w\" sizes=\"(max-width: 410px) 100vw, 410px\" \/><\/figure><\/div>\n\n\n<p>Segundo a PF, as viaturas est\u00e3o sendo enviadas como refor\u00e7os para equipes do Comando de Opera\u00e7\u00f5es T\u00e1ticas (COT) e do Grupo de Pronta Interven\u00e7\u00e3o (GPI). Tamb\u00e9m foi informado&nbsp;que o envio dos ve\u00edculos j\u00e1 constava na programa\u00e7\u00e3o da institui\u00e7\u00e3o.<\/p>\n\n\n\n<p><strong><em>&#8220;As viaturas estavam definidas para refor\u00e7ar o nosso trabalho. N\u00e3o se trata de uma medida nova. Outros estados t\u00eam os seus blindados e, agora, a Bahia est\u00e1 sendo contemplada&#8221;<\/em><\/strong>, afirmou o superintendente regional da PF na Bahia, Fl\u00e1vio Albergaria.<\/p>\n\n\n\n<p>Ao todo, a frota da PF na Bahia passar\u00e1 a contar com cinco ve\u00edculos blindados dispon\u00edveis para opera\u00e7\u00f5es da for\u00e7a-tarefa de seguran\u00e7a no combate ao crime organizado. Atualmente, a for\u00e7a atua com o apoio de 400 agentes de seguran\u00e7a.<\/p>\n\n\n\n<p><em>Fonte: Metro1<\/em><\/p>\n","protected":false},"excerpt":{"rendered":"<p>Tr\u00eas viaturas blindadas da Pol\u00edcia Federal embarcaram do&nbsp;Rio de Janeiro em um navio da Marinha, nesta segunda-feira (18), com destino a Salvador. A previs\u00e3o inicial \u00e9 que os ve\u00edculos cheguem \u00e0 capital baiana entre quarta-feira (20) e quinta-feira (21).<\/p>\n","protected":false},"author":2,"featured_media":51190,"comment_status":"open","ping_status":"open","sticky":false,"template":"","format":"standard","meta":{"om_disable_all_campaigns":false,"_monsterinsights_skip_tracking":false,"_monsterinsights_sitenote_active":false,"_monsterinsights_sitenote_note":"","_monsterinsights_sitenote_category":0,"footnotes":""},"categories":[33,70,69,22],"tags":[100,71,48,54,93,75,4178,4180,129,107,4181,132,230,106,203,120,51,173,109,88,47,330,111],"class_list":["post-51189","post","type-post","status-publish","format-standard","has-post-thumbnail","hentry","category-bahia","category-destaques","category-noticias2","category-seguranca","tag-adustina","tag-antas","tag-araci","tag-bahia","tag-brasil","tag-cicero-dantas","tag-cipo-2","tag-crisopolis-2","tag-euclides-da-cunha","tag-fatima","tag-heliopolis-2","tag-itapicuru","tag-jeremoabo","tag-nova-soure","tag-novo-triunfo","tag-olindina","tag-paripiranga","tag-policia-federal","tag-quijingue","tag-ribeira-do-amparo","tag-ribeira-do-pombal","tag-salvador","tag-sitio-do-quinto"],"aioseo_notices":[],"_links":{"self":[{"href":"https:\/\/www.portalalerta.com.br\/index.php\/wp-json\/wp\/v2\/posts\/51189","targetHints":{"allow":["GET"]}}],"collection":[{"href":"https:\/\/www.portalalerta.com.br\/index.php\/wp-json\/wp\/v2\/posts"}],"about":[{"href":"https:\/\/www.portalalerta.com.br\/index.php\/wp-json\/wp\/v2\/types\/post"}],"author":[{"embeddable":true,"href":"https:\/\/www.portalalerta.com.br\/index.php\/wp-json\/wp\/v2\/users\/2"}],"replies":[{"embeddable":true,"href":"https:\/\/www.portalalerta.com.br\/index.php\/wp-json\/wp\/v2\/comments?post=51189"}],"version-history":[{"count":1,"href":"https:\/\/www.portalalerta.com.br\/index.php\/wp-json\/wp\/v2\/posts\/51189\/revisions"}],"predecessor-version":[{"id":51191,"href":"https:\/\/www.portalalerta.com.br\/index.php\/wp-json\/wp\/v2\/posts\/51189\/revisions\/51191"}],"wp:featuredmedia":[{"embeddable":true,"href":"https:\/\/www.portalalerta.com.br\/index.php\/wp-json\/wp\/v2\/media\/51190"}],"wp:attachment":[{"href":"https:\/\/www.portalalerta.com.br\/index.php\/wp-json\/wp\/v2\/media?parent=51189"}],"wp:term":[{"taxonomy":"category","embeddable":true,"href":"https:\/\/www.portalalerta.com.br\/index.php\/wp-json\/wp\/v2\/categories?post=51189"},{"taxonomy":"post_tag","embeddable":true,"href":"https:\/\/www.portalalerta.com.br\/index.php\/wp-json\/wp\/v2\/tags?post=51189"}],"curies":[{"name":"wp","href":"https:\/\/api.w.org\/{rel}","templated":true}]}}