{"id":51192,"date":"2023-09-18T20:10:52","date_gmt":"2023-09-18T23:10:52","guid":{"rendered":"https:\/\/www.portalalerta.com.br\/?p=51192"},"modified":"2023-09-18T20:10:54","modified_gmt":"2023-09-18T23:10:54","slug":"jovem-e-assassinado-a-tiros-em-ribeira-do-pombal-ba-2","status":"publish","type":"post","link":"https:\/\/www.portalalerta.com.br\/index.php\/2023\/09\/18\/jovem-e-assassinado-a-tiros-em-ribeira-do-pombal-ba-2\/","title":{"rendered":"Jovem \u00e9 assassinado a tiros em Ribeira do Pombal-BA"},"content":{"rendered":"\n<p>Por volta das 16h desta segunda-feira (18), um jovem foi assassinado a tiros em Ribeira do Pombal-BA.<\/p>\n\n\n\n<!--more-->\n\n\n\n<p>O crime aconteceu na estrada que dar acesso ao bairro Jo\u00e3o do Alto, quando, segundo informa\u00e7\u00f5es preliminares, dois criminosos a bordo de uma moto de dados n\u00e3o divulgados, teriam emparelhado com um ve\u00edculo Hyundai HB20 de cor preta, placa policial PJO 3C02, que era conduzido pela v\u00edtima. Na ocasi\u00e3o os criminosos obrigaram o motorista descer do carro, e logo na sequ\u00eancia, efetuaram disparos de arma de fogo cal. 12, que alvejaram Rafael Costa da Silva, que sem chances de defesa, morreu no local.<\/p>\n\n\n\n<p>Ap\u00f3s o crime, a dupla fugiu para um destino ignorado, sem levar nenhum pertence da v\u00edtima, levantando a suspeita de execu\u00e7\u00e3o.<\/p>\n\n\n\n<p>O caso foi informado \u00e0s pol\u00edcias da cidade, bem como ao Departamento de Pol\u00edcia T\u00e9cnica (DPT \u2013 Euclides da Cunha).<\/p>\n\n\n\n<p>Este \u00e9 o sexto homic\u00eddio registrado em Ribeira do Pombal, somente em 2023.<\/p>\n\n\n\n<p><em>Reda\u00e7\u00e3o: Portal Alerta<\/em><\/p>\n","protected":false},"excerpt":{"rendered":"<p>Por volta das 16h desta segunda-feira (18), um jovem foi assassinado a tiros em Ribeira do Pombal-BA.<\/p>\n","protected":false},"author":2,"featured_media":51193,"comment_status":"open","ping_status":"open","sticky":false,"template":"","format":"standard","meta":{"om_disable_all_campaigns":false,"_monsterinsights_skip_tracking":false,"_monsterinsights_sitenote_active":false,"_monsterinsights_sitenote_note":"","_monsterinsights_sitenote_category":0,"footnotes":""},"categories":[70,69,32,3,22],"tags":[100,71,48,75,4178,4180,375,129,107,4181,206,132,230,169,106,203,120,51,109,88,47,111],"class_list":["post-51192","post","type-post","status-publish","format-standard","has-post-thumbnail","hentry","category-destaques","category-noticias2","category-regiao","category-ribeira-do-pombal","category-seguranca","tag-adustina","tag-antas","tag-araci","tag-cicero-dantas","tag-cipo-2","tag-crisopolis-2","tag-disparos-de-arma-de-fogo","tag-euclides-da-cunha","tag-fatima","tag-heliopolis-2","tag-homicidio","tag-itapicuru","tag-jeremoabo","tag-morte","tag-nova-soure","tag-novo-triunfo","tag-olindina","tag-paripiranga","tag-quijingue","tag-ribeira-do-amparo","tag-ribeira-do-pombal","tag-sitio-do-quinto"],"aioseo_notices":[],"_links":{"self":[{"href":"https:\/\/www.portalalerta.com.br\/index.php\/wp-json\/wp\/v2\/posts\/51192","targetHints":{"allow":["GET"]}}],"collection":[{"href":"https:\/\/www.portalalerta.com.br\/index.php\/wp-json\/wp\/v2\/posts"}],"about":[{"href":"https:\/\/www.portalalerta.com.br\/index.php\/wp-json\/wp\/v2\/types\/post"}],"author":[{"embeddable":true,"href":"https:\/\/www.portalalerta.com.br\/index.php\/wp-json\/wp\/v2\/users\/2"}],"replies":[{"embeddable":true,"href":"https:\/\/www.portalalerta.com.br\/index.php\/wp-json\/wp\/v2\/comments?post=51192"}],"version-history":[{"count":1,"href":"https:\/\/www.portalalerta.com.br\/index.php\/wp-json\/wp\/v2\/posts\/51192\/revisions"}],"predecessor-version":[{"id":51194,"href":"https:\/\/www.portalalerta.com.br\/index.php\/wp-json\/wp\/v2\/posts\/51192\/revisions\/51194"}],"wp:featuredmedia":[{"embeddable":true,"href":"https:\/\/www.portalalerta.com.br\/index.php\/wp-json\/wp\/v2\/media\/51193"}],"wp:attachment":[{"href":"https:\/\/www.portalalerta.com.br\/index.php\/wp-json\/wp\/v2\/media?parent=51192"}],"wp:term":[{"taxonomy":"category","embeddable":true,"href":"https:\/\/www.portalalerta.com.br\/index.php\/wp-json\/wp\/v2\/categories?post=51192"},{"taxonomy":"post_tag","embeddable":true,"href":"https:\/\/www.portalalerta.com.br\/index.php\/wp-json\/wp\/v2\/tags?post=51192"}],"curies":[{"name":"wp","href":"https:\/\/api.w.org\/{rel}","templated":true}]}}