{"id":51203,"date":"2023-09-19T15:54:35","date_gmt":"2023-09-19T18:54:35","guid":{"rendered":"https:\/\/www.portalalerta.com.br\/?p=51203"},"modified":"2023-09-19T15:54:37","modified_gmt":"2023-09-19T18:54:37","slug":"pt-pressiona-para-indicar-pgr-stf-e-justica-e-ja-provoca-atrito-na-base-de-lula","status":"publish","type":"post","link":"https:\/\/www.portalalerta.com.br\/index.php\/2023\/09\/19\/pt-pressiona-para-indicar-pgr-stf-e-justica-e-ja-provoca-atrito-na-base-de-lula\/","title":{"rendered":"PT pressiona para indicar PGR, STF e Justi\u00e7a e j\u00e1 provoca atrito na base de Lula"},"content":{"rendered":"\n<p>O\u00a0PT\u00a0elevou nos \u00faltimos dias as press\u00f5es para abocanhar ao menos parte das vagas que v\u00e3o se abrir no Judici\u00e1rio. Os esfor\u00e7os da legenda alcan\u00e7am as duas principais cadeiras que v\u00e3o se abrir nas pr\u00f3ximas semanas: o comando da\u00a0Procuradoria-Geral da Rep\u00fablica (PGR)\u00a0e a vaga de Rosa Weber no\u00a0Supremo Tribunal Federal (STF). E se estendem ainda para o\u00a0Minist\u00e9rio da Justi\u00e7a, dependendo do desenho que for escolhido pelo presidente.<\/p>\n\n\n\n<!--more-->\n\n\n\n<p>Nos bastidores, as press\u00f5es lan\u00e7adas pelo PT j\u00e1 provocam desconforto e irrita\u00e7\u00e3o na base aliada, em grupos ligados \u00e0 \u00e1rea jur\u00eddica e entre ministros de tribunais superiores. H\u00e1 queixas sobre a tentativa do partido de controlar todas as indica\u00e7\u00f5es e aumentar seu poder sobre o Judici\u00e1rio.<\/p>\n\n\n\n<p>Para a PGR, o partido tem como favorito o subprocurador Antonio Carlos Bigonha. Mas, diante dos acenos na dire\u00e7\u00e3o do tamb\u00e9m subprocurador Paulo Gonet, os petistas t\u00eam concentrado grande parte dos esfor\u00e7os na escolha do novo ministro do Supremo. A aposta \u00e9 que Lula far\u00e1 uma negocia\u00e7\u00e3o casada para as duas vagas.<\/p>\n\n\n\n<p>No STF, a briga \u00e9 mais intensa. Determinado a emplacar na vaga o advogado-geral da Uni\u00e3o, Jorge Messias, o partido viu crescer nos \u00faltimos dias as especula\u00e7\u00f5es em torno do nome de\u00a0Fl\u00e1vio Dino\u00a0para a vaga.<\/p>\n\n\n\n<p>Tanto ministros do STF quanto juristas ligados a Lula relataram \u00e0&nbsp;<strong>CNN<\/strong>&nbsp;conversas com o presidente apontando para uma poss\u00edvel indica\u00e7\u00e3o do ministro da Justi\u00e7a e Seguran\u00e7a P\u00fablica. N\u00e3o h\u00e1 martelo batido, mas, segundo as fontes, j\u00e1 se fala em favoritismo de Dino.<\/p>\n\n\n\n<p>Dino \u00e9 filiado ao PSB, que acaba de perder o Minist\u00e9rio de Portos e Aeroportos para o Republicanos. O partido torce para manter o controle da pasta no caso de uma indica\u00e7\u00e3o de Dino, mas o PT j\u00e1 come\u00e7a a ventilar nomes para o posto. O partido de Lula tamb\u00e9m fala em dividir novamente a pasta, indicando um novo titular na Justi\u00e7a e deixando a cadeira da Seguran\u00e7a P\u00fablica para o PSB.<\/p>\n\n\n\n<p>Para a Justi\u00e7a, setores do PT j\u00e1 falam em emplacar Messias na cadeira. Mas at\u00e9 o nome de\u00a0Gleisi Hoffmann\u00a0entrou na lista. A presidente nacional do PT \u00e9 formada em Direito e ajudaria a dissipar a repercuss\u00e3o negativa com a redu\u00e7\u00e3o de cadeiras femininas no STF. Mas a carreira da dirigente tem menos a ver com o Judici\u00e1rio e mais com o movimento estudantil e na administra\u00e7\u00e3o p\u00fablica. Al\u00e9m disso, Lula indicou o in\u00edcio do governo que prefere Gleisi no comando do partido.<\/p>\n\n\n\n<p>Sob reserva, um ministro do Supremo disse \u00e0&nbsp;<strong>CNN<\/strong>&nbsp;considerar que a escolha do novo PGR ser\u00e1 a mais complicada no pacote. O perfil do substituto de Augusto Aras pode determinar todo restante da dan\u00e7a das cadeiras.<\/p>\n\n\n\n<p><em>Fonte: CNN<\/em><\/p>\n","protected":false},"excerpt":{"rendered":"<p>O\u00a0PT\u00a0elevou nos \u00faltimos dias as press\u00f5es para abocanhar ao menos parte das vagas que v\u00e3o se abrir no Judici\u00e1rio. Os esfor\u00e7os da legenda alcan\u00e7am as duas principais cadeiras que v\u00e3o se abrir nas pr\u00f3ximas semanas: o comando da\u00a0Procuradoria-Geral da Rep\u00fablica (PGR)\u00a0e a vaga de Rosa Weber no\u00a0Supremo Tribunal Federal (STF). E se estendem ainda para &hellip;<\/p>\n","protected":false},"author":2,"featured_media":27598,"comment_status":"open","ping_status":"open","sticky":false,"template":"","format":"standard","meta":{"om_disable_all_campaigns":false,"_monsterinsights_skip_tracking":false,"_monsterinsights_sitenote_active":false,"_monsterinsights_sitenote_note":"","_monsterinsights_sitenote_category":0,"footnotes":""},"categories":[34,70,69,21],"tags":[100,71,48,93,75,4178,4180,129,107,4181,132,230,106,203,120,51,411,199,304,109,88,47,111,216],"class_list":["post-51203","post","type-post","status-publish","format-standard","has-post-thumbnail","hentry","category-brasil","category-destaques","category-noticias2","category-politica","tag-adustina","tag-antas","tag-araci","tag-brasil","tag-cicero-dantas","tag-cipo-2","tag-crisopolis-2","tag-euclides-da-cunha","tag-fatima","tag-heliopolis-2","tag-itapicuru","tag-jeremoabo","tag-nova-soure","tag-novo-triunfo","tag-olindina","tag-paripiranga","tag-pgr","tag-politica","tag-pt","tag-quijingue","tag-ribeira-do-amparo","tag-ribeira-do-pombal","tag-sitio-do-quinto","tag-stf"],"aioseo_notices":[],"_links":{"self":[{"href":"https:\/\/www.portalalerta.com.br\/index.php\/wp-json\/wp\/v2\/posts\/51203","targetHints":{"allow":["GET"]}}],"collection":[{"href":"https:\/\/www.portalalerta.com.br\/index.php\/wp-json\/wp\/v2\/posts"}],"about":[{"href":"https:\/\/www.portalalerta.com.br\/index.php\/wp-json\/wp\/v2\/types\/post"}],"author":[{"embeddable":true,"href":"https:\/\/www.portalalerta.com.br\/index.php\/wp-json\/wp\/v2\/users\/2"}],"replies":[{"embeddable":true,"href":"https:\/\/www.portalalerta.com.br\/index.php\/wp-json\/wp\/v2\/comments?post=51203"}],"version-history":[{"count":1,"href":"https:\/\/www.portalalerta.com.br\/index.php\/wp-json\/wp\/v2\/posts\/51203\/revisions"}],"predecessor-version":[{"id":51204,"href":"https:\/\/www.portalalerta.com.br\/index.php\/wp-json\/wp\/v2\/posts\/51203\/revisions\/51204"}],"wp:featuredmedia":[{"embeddable":true,"href":"https:\/\/www.portalalerta.com.br\/index.php\/wp-json\/wp\/v2\/media\/27598"}],"wp:attachment":[{"href":"https:\/\/www.portalalerta.com.br\/index.php\/wp-json\/wp\/v2\/media?parent=51203"}],"wp:term":[{"taxonomy":"category","embeddable":true,"href":"https:\/\/www.portalalerta.com.br\/index.php\/wp-json\/wp\/v2\/categories?post=51203"},{"taxonomy":"post_tag","embeddable":true,"href":"https:\/\/www.portalalerta.com.br\/index.php\/wp-json\/wp\/v2\/tags?post=51203"}],"curies":[{"name":"wp","href":"https:\/\/api.w.org\/{rel}","templated":true}]}}