{"id":51205,"date":"2023-09-19T21:14:03","date_gmt":"2023-09-20T00:14:03","guid":{"rendered":"https:\/\/www.portalalerta.com.br\/?p=51205"},"modified":"2023-09-19T21:14:06","modified_gmt":"2023-09-20T00:14:06","slug":"homem-e-preso-com-arma-de-fogo-apos-ameacar-populares-em-itapicuru-ba","status":"publish","type":"post","link":"https:\/\/www.portalalerta.com.br\/index.php\/2023\/09\/19\/homem-e-preso-com-arma-de-fogo-apos-ameacar-populares-em-itapicuru-ba\/","title":{"rendered":"Homem \u00e9 preso com arma de fogo, ap\u00f3s amea\u00e7ar populares em Itapicuru-BA"},"content":{"rendered":"\n<p>Um homem foi preso, no Distrito de Lagoa Redonda, em Itapicuru-BA, no \u00faltimo domingo (17).<\/p>\n\n\n\n<!--more-->\n\n\n\n<p>De acordo com informa\u00e7\u00f5es, policiais militares da cidade foram informados que o rapaz estaria na referida localidade, amea\u00e7ando populares, fazendo uso de uma arma de fogo. Imediatamente os militares foram at\u00e9 o local, onde encontraram o criminoso no quintal de uma casa, portando um rev\u00f3lver cal. 38, contendo cinco muni\u00e7\u00f5es intactas.<\/p>\n\n\n\n<p>Tanto o autor, quanto a arma de fogo, foram conduzidos e apresentados na Delegacia de Pol\u00edcia Civil de Rio Real-BA, para a ado\u00e7\u00e3o das medidas cab\u00edveis.<\/p>\n\n\n\n<p><em>Reda\u00e7\u00e3o: Portal Alerta<\/em><\/p>\n","protected":false},"excerpt":{"rendered":"<p>Um homem foi preso, no Distrito de Lagoa Redonda, em Itapicuru-BA, no \u00faltimo domingo (17).<\/p>\n","protected":false},"author":2,"featured_media":51206,"comment_status":"open","ping_status":"open","sticky":false,"template":"","format":"standard","meta":{"om_disable_all_campaigns":false,"_monsterinsights_skip_tracking":false,"_monsterinsights_sitenote_active":false,"_monsterinsights_sitenote_note":"","_monsterinsights_sitenote_category":0,"footnotes":""},"categories":[70,18,69,32,22],"tags":[100,3650,71,48,75,4178,4180,129,107,4181,132,230,106,203,120,51,79,4250,77,110,109,88,47,111],"class_list":["post-51205","post","type-post","status-publish","format-standard","has-post-thumbnail","hentry","category-destaques","category-itapicuru","category-noticias2","category-regiao","category-seguranca","tag-adustina","tag-ameca-de-morte","tag-antas","tag-araci","tag-cicero-dantas","tag-cipo-2","tag-crisopolis-2","tag-euclides-da-cunha","tag-fatima","tag-heliopolis-2","tag-itapicuru","tag-jeremoabo","tag-nova-soure","tag-novo-triunfo","tag-olindina","tag-paripiranga","tag-policia-militar","tag-porte-de-arma-de-fogo","tag-preso","tag-presos","tag-quijingue","tag-ribeira-do-amparo","tag-ribeira-do-pombal","tag-sitio-do-quinto"],"aioseo_notices":[],"_links":{"self":[{"href":"https:\/\/www.portalalerta.com.br\/index.php\/wp-json\/wp\/v2\/posts\/51205","targetHints":{"allow":["GET"]}}],"collection":[{"href":"https:\/\/www.portalalerta.com.br\/index.php\/wp-json\/wp\/v2\/posts"}],"about":[{"href":"https:\/\/www.portalalerta.com.br\/index.php\/wp-json\/wp\/v2\/types\/post"}],"author":[{"embeddable":true,"href":"https:\/\/www.portalalerta.com.br\/index.php\/wp-json\/wp\/v2\/users\/2"}],"replies":[{"embeddable":true,"href":"https:\/\/www.portalalerta.com.br\/index.php\/wp-json\/wp\/v2\/comments?post=51205"}],"version-history":[{"count":1,"href":"https:\/\/www.portalalerta.com.br\/index.php\/wp-json\/wp\/v2\/posts\/51205\/revisions"}],"predecessor-version":[{"id":51207,"href":"https:\/\/www.portalalerta.com.br\/index.php\/wp-json\/wp\/v2\/posts\/51205\/revisions\/51207"}],"wp:featuredmedia":[{"embeddable":true,"href":"https:\/\/www.portalalerta.com.br\/index.php\/wp-json\/wp\/v2\/media\/51206"}],"wp:attachment":[{"href":"https:\/\/www.portalalerta.com.br\/index.php\/wp-json\/wp\/v2\/media?parent=51205"}],"wp:term":[{"taxonomy":"category","embeddable":true,"href":"https:\/\/www.portalalerta.com.br\/index.php\/wp-json\/wp\/v2\/categories?post=51205"},{"taxonomy":"post_tag","embeddable":true,"href":"https:\/\/www.portalalerta.com.br\/index.php\/wp-json\/wp\/v2\/tags?post=51205"}],"curies":[{"name":"wp","href":"https:\/\/api.w.org\/{rel}","templated":true}]}}