{"id":51208,"date":"2023-09-19T21:28:31","date_gmt":"2023-09-20T00:28:31","guid":{"rendered":"https:\/\/www.portalalerta.com.br\/?p=51208"},"modified":"2023-09-19T21:28:33","modified_gmt":"2023-09-20T00:28:33","slug":"zelensky-aceita-horario-para-reuniao-com-lula-em-nova-york-diz-planalto","status":"publish","type":"post","link":"https:\/\/www.portalalerta.com.br\/index.php\/2023\/09\/19\/zelensky-aceita-horario-para-reuniao-com-lula-em-nova-york-diz-planalto\/","title":{"rendered":"Zelensky aceita hor\u00e1rio para reuni\u00e3o com Lula em Nova York, diz Planalto"},"content":{"rendered":"\n<p>Segundo o Pal\u00e1cio do Planalto, o presidente ucraniano Volodymyr Zelensky aceitou a sugest\u00e3o de hor\u00e1rio oferecida por diplomatas brasileiros para uma reuni\u00e3o com o presidente Luiz In\u00e1cio Lula da Silva (PT), em Nova York.<\/p>\n\n\n\n<!--more-->\n\n\n\n<p>As informa\u00e7\u00f5es s\u00e3o da \u00e2ncora da&nbsp;<strong>CNN&nbsp;<\/strong>Raquel Landim, Tain\u00e1 Falc\u00e3o e do correspondente internacional Am\u00e9rico Martins<\/p>\n\n\n\n<p>A\u00a0<strong>CNN\u00a0<\/strong>informou, nesta segunda-feira (18), que Lula ofereceu a Zelensky\u00a0uma abertura de agenda \u00e0s 16h da quarta-feira (20), ap\u00f3s seu encontro com o presidente americano Joe Biden.<\/p>\n\n\n<div class=\"wp-block-image\">\n<figure class=\"alignleft size-full\"><img fetchpriority=\"high\" decoding=\"async\" width=\"400\" height=\"300\" src=\"https:\/\/www.portalalerta.com.br\/wp-content\/uploads\/2023\/01\/Auto-Escola-Sonho.jpg\" alt=\"\" class=\"wp-image-47083\" srcset=\"https:\/\/www.portalalerta.com.br\/wp-content\/uploads\/2023\/01\/Auto-Escola-Sonho.jpg 400w, https:\/\/www.portalalerta.com.br\/wp-content\/uploads\/2023\/01\/Auto-Escola-Sonho-320x240.jpg 320w\" sizes=\"(max-width: 400px) 100vw, 400px\" \/><\/figure><\/div>\n\n\n<p><strong><em>\u201cO governo prop\u00f4s aos ucranianos um hor\u00e1rio na tarde de quarta, ap\u00f3s o compromisso do presidente Luiz In\u00e1cio Lula da Silva com o presidente Joe Biden\u201d,<\/em><\/strong> informou a Secretaria de Comunica\u00e7\u00e3o Social (Secom) da Presid\u00eancia \u00e0&nbsp;<strong>CNN.<\/strong><\/p>\n\n\n\n<p>O local oferecido para a reuni\u00e3o \u00e9 o hotel em Nova York onde o presidente brasileiro est\u00e1 hospedado.<\/p>\n\n\n\n<p>A sugest\u00e3o foi recebida inicialmente com hesita\u00e7\u00e3o pela delega\u00e7\u00e3o ucraniana, porque Zelensky tem viagem prevista para a capital americana de Washington justamente na tarde de quarta-feira.<\/p>\n\n\n\n<p><strong>Pedido de reuni\u00e3o partiu do lado ucraniano<\/strong><\/p>\n\n\n\n<p>A\u00a0<strong>CNN\u00a0<\/strong>apurou mais cedo que o pedido oficial para uma reuni\u00e3o bilateral entre Lula e Zelensky\u00a0\u00e0s margens da Assembleia-Geral da ONU partiu do lado ucraniano.<\/p>\n\n\n\n<p>Autoridades do pa\u00eds europeu informaram que o pedido foi feito formalmente pela Embaixada da Ucr\u00e2nia em Bras\u00edlia h\u00e1 duas semanas, mas n\u00e3o houve oferta de hor\u00e1rio em resposta.<\/p>\n\n\n\n<p>O Itamaraty afirmou \u00e0&nbsp;<strong>CNN&nbsp;<\/strong>que trabalhou nesse per\u00edodo para encaixar agendas para que o encontro ocorra.<\/p>\n\n\n\n<p>Segundo a diplomacia brasileira, Lula recebeu mais de 50 pedidos de bilaterais com chefes de Estado e ag\u00eancias da ONU, o que dificultou a quest\u00e3o da agenda.<\/p>\n\n\n\n<p>Inicialmente, o l\u00edder do governo no Senado, Jaques Wagner, havia afirmado que o convite tinha partido de Lula.<\/p>\n\n\n\n<p><strong>Lula e Zelensky nunca se encontraram presencialmente<\/strong><\/p>\n\n\n\n<p>Lula e Zelensky nunca se encontraram presencialmente para uma reuni\u00e3o bilateral. Houve tentativas de conciliar as agendas, sem sucesso, durante a c\u00fapula do G7, no Jap\u00e3o.<\/p>\n\n\n\n<p>Em entrevista coletiva, Lula\u00a0afirmou que Zelensky n\u00e3o apareceu para encontro bilateral com ele na cidade de Hiroshima.<\/p>\n\n\n\n<p><strong><em>\u201cN\u00f3s t\u00ednhamos uma entrevista [sic] bilateral com a Ucr\u00e2nia \u00e0s 3 horas da tarde [hor\u00e1rio local]. N\u00f3s t\u00ednhamos a informa\u00e7\u00e3o de que eles tinham atrasado, enquanto isso, atendi o presidente do Vietn\u00e3. Quando o presidente do Vietn\u00e3 foi embora, a Ucr\u00e2nia n\u00e3o apareceu. Certamente, teve outro compromisso e n\u00e3o pode vir aqui. Foi simplesmente isso que aconteceu\u201d,<\/em><\/strong> disse o presidente brasileiro.<\/p>\n\n\n\n<p>Em uma entrevista durante a c\u00fapula,\u00a0Zelensky sinalizou que, de fato, houve uma incompatibilidade de agendas, como sustentou o governo brasileiro.<\/p>\n\n\n\n<p>Ao ser questionado se ficou desapontado pelo fato de a reuni\u00e3o n\u00e3o ter acontecido, Zelensky respondeu: <strong><em>\u201cEu acho que ele que ficou decepcionado\u201d.<\/em><\/strong><\/p>\n\n\n\n<p>Os ucranianos j\u00e1 disseram v\u00e1rias vezes que querem conversar com Lula para mostrar ao l\u00edder brasileiro \u201ca realidade do conflito\u201d.<\/p>\n\n\n\n<p>Kiev tamb\u00e9m j\u00e1 demonstrou diversas vezes sua insatisfa\u00e7\u00e3o com o presidente brasileiro por suas declara\u00e7\u00f5es pol\u00eamicas sobre a guerra \u2014incluindo uma afirma\u00e7\u00e3o de que os Estados Unidos e os pa\u00edses europeus estavam prolongando a guerra ao enviar armamentos para a resist\u00eancia ucraniana.<\/p>\n\n\n\n<p><em>Fonte: CNN<\/em><\/p>\n","protected":false},"excerpt":{"rendered":"<p>Segundo o Pal\u00e1cio do Planalto, o presidente ucraniano Volodymyr Zelensky aceitou a sugest\u00e3o de hor\u00e1rio oferecida por diplomatas brasileiros para uma reuni\u00e3o com o presidente Luiz In\u00e1cio Lula da Silva (PT), em Nova York.<\/p>\n","protected":false},"author":2,"featured_media":41249,"comment_status":"open","ping_status":"open","sticky":false,"template":"","format":"standard","meta":{"om_disable_all_campaigns":false,"_monsterinsights_skip_tracking":false,"_monsterinsights_sitenote_active":false,"_monsterinsights_sitenote_note":"","_monsterinsights_sitenote_category":0,"footnotes":""},"categories":[34,70,35,69,21],"tags":[100,71,48,93,75,4178,4180,129,107,4181,132,230,303,339,106,203,120,51,109,88,47,111,3331,5298],"class_list":["post-51208","post","type-post","status-publish","format-standard","has-post-thumbnail","hentry","category-brasil","category-destaques","category-mundo","category-noticias2","category-politica","tag-adustina","tag-antas","tag-araci","tag-brasil","tag-cicero-dantas","tag-cipo-2","tag-crisopolis-2","tag-euclides-da-cunha","tag-fatima","tag-heliopolis-2","tag-itapicuru","tag-jeremoabo","tag-lula","tag-mundo","tag-nova-soure","tag-novo-triunfo","tag-olindina","tag-paripiranga","tag-quijingue","tag-ribeira-do-amparo","tag-ribeira-do-pombal","tag-sitio-do-quinto","tag-ucrania","tag-volodymyr-zelensky"],"aioseo_notices":[],"_links":{"self":[{"href":"https:\/\/www.portalalerta.com.br\/index.php\/wp-json\/wp\/v2\/posts\/51208","targetHints":{"allow":["GET"]}}],"collection":[{"href":"https:\/\/www.portalalerta.com.br\/index.php\/wp-json\/wp\/v2\/posts"}],"about":[{"href":"https:\/\/www.portalalerta.com.br\/index.php\/wp-json\/wp\/v2\/types\/post"}],"author":[{"embeddable":true,"href":"https:\/\/www.portalalerta.com.br\/index.php\/wp-json\/wp\/v2\/users\/2"}],"replies":[{"embeddable":true,"href":"https:\/\/www.portalalerta.com.br\/index.php\/wp-json\/wp\/v2\/comments?post=51208"}],"version-history":[{"count":1,"href":"https:\/\/www.portalalerta.com.br\/index.php\/wp-json\/wp\/v2\/posts\/51208\/revisions"}],"predecessor-version":[{"id":51209,"href":"https:\/\/www.portalalerta.com.br\/index.php\/wp-json\/wp\/v2\/posts\/51208\/revisions\/51209"}],"wp:featuredmedia":[{"embeddable":true,"href":"https:\/\/www.portalalerta.com.br\/index.php\/wp-json\/wp\/v2\/media\/41249"}],"wp:attachment":[{"href":"https:\/\/www.portalalerta.com.br\/index.php\/wp-json\/wp\/v2\/media?parent=51208"}],"wp:term":[{"taxonomy":"category","embeddable":true,"href":"https:\/\/www.portalalerta.com.br\/index.php\/wp-json\/wp\/v2\/categories?post=51208"},{"taxonomy":"post_tag","embeddable":true,"href":"https:\/\/www.portalalerta.com.br\/index.php\/wp-json\/wp\/v2\/tags?post=51208"}],"curies":[{"name":"wp","href":"https:\/\/api.w.org\/{rel}","templated":true}]}}