{"id":51213,"date":"2023-09-19T21:48:08","date_gmt":"2023-09-20T00:48:08","guid":{"rendered":"https:\/\/www.portalalerta.com.br\/?p=51213"},"modified":"2023-09-19T21:48:18","modified_gmt":"2023-09-20T00:48:18","slug":"moraes-concede-liberdade-provisoria-a-quatro-investigados-em-fraude-em-certificados-de-vacina","status":"publish","type":"post","link":"https:\/\/www.portalalerta.com.br\/index.php\/2023\/09\/19\/moraes-concede-liberdade-provisoria-a-quatro-investigados-em-fraude-em-certificados-de-vacina\/","title":{"rendered":"Moraes concede liberdade provis\u00f3ria a quatro investigados em fraude em certificados de vacina"},"content":{"rendered":"\n<p>O ministro\u00a0Alexandre de Moraes, do\u00a0Supremo Tribunal Federal (STF), concedeu, nesta ter\u00e7a-feira (19), liberdade provis\u00f3ria a quatro suspeitos de participarem do esquema de fraude em certificados da vacina contra a covid-19, que teria beneficiado o ex-presidente\u00a0Jair Bolsonaro (PL).<\/p>\n\n\n\n<!--more-->\n\n\n\n<p>As decis\u00f5es beneficiaram o sargento Luis Marcos dos Reis, integrante da equipe do tenente-coronel Mauro Cid; o ex-major do Ex\u00e9rcito Ailton Gon\u00e7alves Moraes Barros, que foi candidato a deputado estadual pelo PL no Rio de Janeiro na\u00a0elei\u00e7\u00e3o de 2022; o tamb\u00e9m militar do Ex\u00e9rcito Sergio Cordeiro, ex-seguran\u00e7a de Jair Bolsonaro; e o secret\u00e1rio municipal de Governo de Duque de Caxias (RJ), Jo\u00e3o Carlos de Sousa Brecha.<\/p>\n\n\n\n<p>Os quatro foram presos em maio, na mesma opera\u00e7\u00e3o que mirou\u00a0Mauro Cid, ex-ajudante de ordens de Bolsonaro\u00a0\u2014solto em 9 de setembro, depois de fechar um acordo de dela\u00e7\u00e3o premiada com a Pol\u00edcia Federal. O sexto preso naquele dia,\u00a0o policial militar Max Guilherme, tamb\u00e9m foi colocado em liberdade por Alexandre de Moraes, no dia 7 de setembro.<\/p>\n\n\n\n<p>Em sua decis\u00e3o, Moraes afirmou que, no atual momento processual, a manuten\u00e7\u00e3o da pris\u00e3o dos investigados n\u00e3o \u00e9 mais <strong><em>\u201cadequada e proporcional, podendo ser eficazmente substitu\u00edda por medidas alternativas\u201d<\/em><\/strong>.<\/p>\n\n\n\n<p>Ainda segundo o ministro, <strong><em>\u201co encerramento de in\u00fameras dilig\u00eancias realizadas pela Pol\u00edcia Federal e a oitiva do investigado, por mais de uma vez e ap\u00f3s ser decretada sua incomunicabilidade com os demais investigados, apontam a desnecessidade da manuten\u00e7\u00e3o da pris\u00e3o preventiva\u201d<\/em><\/strong>.<\/p>\n\n\n\n<p>Moraes determinou, entretanto, uma s\u00e9rie de medidas que ter\u00e3o que ser cumpridas pelos quatro. Entre elas: o uso tornozeleira eletr\u00f4nica, a proibi\u00e7\u00e3o de sair do pa\u00eds e de se comunicar com os demais envolvidos no caso e o cancelamento dos passaportes.<\/p>\n\n\n\n<p><em>Fonte: CNN<\/em><\/p>\n","protected":false},"excerpt":{"rendered":"<p>O ministro\u00a0Alexandre de Moraes, do\u00a0Supremo Tribunal Federal (STF), concedeu, nesta ter\u00e7a-feira (19), liberdade provis\u00f3ria a quatro suspeitos de participarem do esquema de fraude em certificados da vacina contra a covid-19, que teria beneficiado o ex-presidente\u00a0Jair Bolsonaro (PL).<\/p>\n","protected":false},"author":2,"featured_media":45612,"comment_status":"open","ping_status":"open","sticky":false,"template":"","format":"standard","meta":{"om_disable_all_campaigns":false,"_monsterinsights_skip_tracking":false,"_monsterinsights_sitenote_active":false,"_monsterinsights_sitenote_note":"","_monsterinsights_sitenote_category":0,"footnotes":""},"categories":[34,70,69,21],"tags":[100,1173,71,48,93,75,4178,4180,129,107,4181,132,1395,230,218,106,203,120,51,109,88,47,111],"class_list":["post-51213","post","type-post","status-publish","format-standard","has-post-thumbnail","hentry","category-brasil","category-destaques","category-noticias2","category-politica","tag-adustina","tag-alexandre-de-moraes","tag-antas","tag-araci","tag-brasil","tag-cicero-dantas","tag-cipo-2","tag-crisopolis-2","tag-euclides-da-cunha","tag-fatima","tag-heliopolis-2","tag-itapicuru","tag-jair-bolsonaro","tag-jeremoabo","tag-liberdade","tag-nova-soure","tag-novo-triunfo","tag-olindina","tag-paripiranga","tag-quijingue","tag-ribeira-do-amparo","tag-ribeira-do-pombal","tag-sitio-do-quinto"],"aioseo_notices":[],"_links":{"self":[{"href":"https:\/\/www.portalalerta.com.br\/index.php\/wp-json\/wp\/v2\/posts\/51213","targetHints":{"allow":["GET"]}}],"collection":[{"href":"https:\/\/www.portalalerta.com.br\/index.php\/wp-json\/wp\/v2\/posts"}],"about":[{"href":"https:\/\/www.portalalerta.com.br\/index.php\/wp-json\/wp\/v2\/types\/post"}],"author":[{"embeddable":true,"href":"https:\/\/www.portalalerta.com.br\/index.php\/wp-json\/wp\/v2\/users\/2"}],"replies":[{"embeddable":true,"href":"https:\/\/www.portalalerta.com.br\/index.php\/wp-json\/wp\/v2\/comments?post=51213"}],"version-history":[{"count":1,"href":"https:\/\/www.portalalerta.com.br\/index.php\/wp-json\/wp\/v2\/posts\/51213\/revisions"}],"predecessor-version":[{"id":51214,"href":"https:\/\/www.portalalerta.com.br\/index.php\/wp-json\/wp\/v2\/posts\/51213\/revisions\/51214"}],"wp:featuredmedia":[{"embeddable":true,"href":"https:\/\/www.portalalerta.com.br\/index.php\/wp-json\/wp\/v2\/media\/45612"}],"wp:attachment":[{"href":"https:\/\/www.portalalerta.com.br\/index.php\/wp-json\/wp\/v2\/media?parent=51213"}],"wp:term":[{"taxonomy":"category","embeddable":true,"href":"https:\/\/www.portalalerta.com.br\/index.php\/wp-json\/wp\/v2\/categories?post=51213"},{"taxonomy":"post_tag","embeddable":true,"href":"https:\/\/www.portalalerta.com.br\/index.php\/wp-json\/wp\/v2\/tags?post=51213"}],"curies":[{"name":"wp","href":"https:\/\/api.w.org\/{rel}","templated":true}]}}