{"id":51216,"date":"2023-09-23T13:12:21","date_gmt":"2023-09-23T16:12:21","guid":{"rendered":"https:\/\/www.portalalerta.com.br\/?p=51216"},"modified":"2023-09-23T13:12:23","modified_gmt":"2023-09-23T16:12:23","slug":"entenda-a-nova-mudanca-em-placas-de-veiculos-no-modelo-mercosul-em-discussao-no-senado","status":"publish","type":"post","link":"https:\/\/www.portalalerta.com.br\/index.php\/2023\/09\/23\/entenda-a-nova-mudanca-em-placas-de-veiculos-no-modelo-mercosul-em-discussao-no-senado\/","title":{"rendered":"Entenda a nova mudan\u00e7a em placas de ve\u00edculos no modelo Mercosul em discuss\u00e3o no Senado"},"content":{"rendered":"\n<p><strong>Projeto de lei prev\u00ea uma nova altera\u00e7\u00e3o na lei que obrigaria a volta do nome do estado e munic\u00edpio em todas as placas do pa\u00eds<\/strong><\/p>\n\n\n\n<!--more-->\n\n\n\n<p>Desde a implanta\u00e7\u00e3o das placas de ve\u00edculos com o\u00a0padr\u00e3o do Mercosul, em 2020, o modelo sofreu diversas altera\u00e7\u00f5es. Uma nova mudan\u00e7a proposta pelo senador Esperidi\u00e3o Amin (PP-SC) prev\u00ea a volta do nome do munic\u00edpio e do estado nas identifica\u00e7\u00f5es. O assunto est\u00e1\u00a0em discuss\u00e3o na Comiss\u00e3o de Assuntos Econ\u00f4micos do Senado.<\/p>\n\n\n<div class=\"wp-block-image\">\n<figure class=\"alignleft size-full\"><img fetchpriority=\"high\" decoding=\"async\" width=\"400\" height=\"300\" src=\"https:\/\/www.portalalerta.com.br\/wp-content\/uploads\/2023\/01\/Auto-Escola-Sonho.jpg\" alt=\"\" class=\"wp-image-47083\" srcset=\"https:\/\/www.portalalerta.com.br\/wp-content\/uploads\/2023\/01\/Auto-Escola-Sonho.jpg 400w, https:\/\/www.portalalerta.com.br\/wp-content\/uploads\/2023\/01\/Auto-Escola-Sonho-320x240.jpg 320w\" sizes=\"(max-width: 400px) 100vw, 400px\" \/><\/figure><\/div>\n\n\n<p>O modelo foi adotado pelo Brasil em 2018, mas s\u00f3 passou a ser obrigat\u00f3rio para novos emplacamentos em 2020. Com diversas resolu\u00e7\u00f5es criadas pelo Conselho Nacional de Tr\u00e2nsito (Contran), as placas sofreram altera\u00e7\u00f5es como a retirada do bras\u00e3o dos estados e alguns itens de seguran\u00e7a.<\/p>\n\n\n\n<p>Pouco depois da implanta\u00e7\u00e3o oficial das placas, o Brasil j\u00e1 contava com quase 5 milh\u00f5es de ve\u00edculos emplacados com o modelo Mercosul. O<strong>&nbsp;R7<\/strong>&nbsp;procurou o Minist\u00e9rio dos Transportes para dados atualizados, mas n\u00e3o obteve resposta. No Distrito Federal, por exemplo, pouco mais de 500 mil ve\u00edculos s\u00e3o emplacados com o novo modelo, o que corresponde a 26% da frota.<\/p>\n\n\n\n<p>Esclare\u00e7a as principais d\u00favidas sobre o tema:<\/p>\n\n\n\n<p><strong>A troca ser\u00e1 obrigat\u00f3ria para todos os ve\u00edculos?<\/strong><\/p>\n\n\n\n<p>Segundo o projeto, a mudan\u00e7a ser\u00e1 exigida para emplacamentos ocorridos 365 dias ap\u00f3s a publica\u00e7\u00e3o da lei.<\/p>\n\n\n\n<p>Quando a nova placa foi implementada, em 2020, o Conselho Nacional de Tr\u00e2nsito (Contran) estabeleceu que o modelo fosse obrigat\u00f3rio apenas para o emplacamento de novos ve\u00edculos, em casos de substitui\u00e7\u00e3o da placa em decorr\u00eancia de roubo ou dano, mudan\u00e7a de munic\u00edpio, unidade federativa ou categoria do ve\u00edculo, e tamb\u00e9m quando h\u00e1 necessidade de instala\u00e7\u00e3o de uma segunda placa.<\/p>\n\n\n\n<p><strong>Existe um padr\u00e3o para a placa do Mercosul?<\/strong><\/p>\n\n\n\n<p>Diferentemente do padr\u00e3o anterior, as placas do Mercosul estabelecem algumas mudan\u00e7as nas cores das placas. Como \u00e9 o caso de ve\u00edculos diplom\u00e1ticos, que eram azuis e, agora, passam a ter caracteres dourados.<\/p>\n\n\n\n<p>Apesar da mudan\u00e7a na disposi\u00e7\u00e3o dos n\u00fameros e das letras, a placa do Mercosul manteve o padr\u00e3o de sete caracteres na placa. Entretanto, o modelo estabelece quatro letras e tr\u00eas n\u00fameros, e n\u00e3o mais tr\u00eas letras e quatro n\u00fameros.<\/p>\n\n\n\n<p>De acordo com a resolu\u00e7\u00e3o 719\/2018 do Contran, os n\u00fameros das placas antigas foram convertidos para letras no modelo atual. Na regra de convers\u00e3o, o n\u00famero zero \u00e9 equivalente \u00e0 letra A, o 1 refere-se \u00e0 B, e assim por diante. Dessa forma, um ve\u00edculo com a placa a ABC-1234 tem equival\u00eancia a ABC-1C34 no padr\u00e3o Mercosul.<\/p>\n\n\n\n<p><strong>Qual a diferen\u00e7a da placa do Mercosul para o modelo antigo?<\/strong><\/p>\n\n\n\n<p>Com a ado\u00e7\u00e3o da placa Mercosul, os brasileiros podem circular com mais facilidade nos pa\u00edses pertencentes ao bloco \u2014 sem a necessidade de uma autoriza\u00e7\u00e3o pr\u00e9via. Outra justificativa \u00e9 a inibi\u00e7\u00e3o de falsifica\u00e7\u00f5es e a facilidade na fiscaliza\u00e7\u00e3o das fronteiras.<\/p>\n\n\n\n<p>O modelo atual tamb\u00e9m \u00e9 integrado com itens de seguran\u00e7a, como o QR Code, que, segundo o Minist\u00e9rio das Cidades, ajuda na rastreabilidade. Diferentemente do modelo antigo, as placas do bloco t\u00eam um fundo branco para permitir &#8220;melhor visualiza\u00e7\u00e3o e leitura pela fiscaliza\u00e7\u00e3o eletr\u00f4nica&#8221;.<\/p>\n\n\n\n<p>Ainda de acordo com o Minist\u00e9rio das Cidades, o n\u00famero de combina\u00e7\u00f5es poss\u00edveis tamb\u00e9m foi alterado, passando de aproximadamente 175 milh\u00f5es de possibilidades para 450 milh\u00f5es, o que pode valer por cerca de cem anos.<\/p>\n\n\n\n<p><strong>O primeiro modelo da placa do Mercosul tinha bras\u00f5es dos estados. Por que o governo voltou atr\u00e1s?<\/strong><\/p>\n\n\n\n<p>Inicialmente, o Brasil seria o \u00fanico pa\u00eds do Mercosul a implementar o bras\u00e3o dos estados e munic\u00edpios nas placas de ve\u00edculos. Entretanto, em 2018 o Minist\u00e9rio das Cidades decidiu retirar os emblemas por considerar que eles poderiam causar um custo extra aos motoristas que mudassem de estado. O emplacamento tem pre\u00e7o estabelecido pelo mercado \u2014 no Distrito Federal, por exemplo, o par custa em m\u00e9dia R$ 170.<\/p>\n\n\n\n<p><strong>Como funciona a placa em outros pa\u00edses do Mercosul?<\/strong><\/p>\n\n\n\n<p>Em cada pa\u00eds, a sequ\u00eancia de n\u00fameros e letras segue uma combina\u00e7\u00e3o diferente. Na Argentina e na Venezuela, por exemplo, o padr\u00e3o segue no formato &#8220;AB 123 CD&#8221;, a fim de evitar a forma\u00e7\u00e3o de palavras. J\u00e1 no Paraguai, a combina\u00e7\u00e3o \u00e9 formada por &#8220;ABCD 123&#8221;. O Uruguai, primeiro pa\u00eds a adotar o modelo, seguiu com o padr\u00e3o &#8220;ABC 1234&#8221;.<\/p>\n\n\n\n<p>No Brasil, a primeira resolu\u00e7\u00e3o do Contran sobre o tema determinou que os carros seguissem o formato &#8220;ABC1D23&#8221; e as motos &#8220;ABC12D3&#8221;, al\u00e9m do bras\u00e3o dos estados. Ambos n\u00e3o estavam previstos na proposta do Mercosul.<\/p>\n\n\n\n<p>Segundo especialistas, caso a mudan\u00e7a das placas seja aprovada, n\u00e3o haveria impacto nas placas dos outros pa\u00edses do bloco e nenhum acordo com o Mercosul seria quebrado.&nbsp;<\/p>\n\n\n\n<p><strong>A falta de um bras\u00e3o ou item de identifica\u00e7\u00e3o dos estados dificulta a fiscaliza\u00e7\u00e3o?<\/strong><\/p>\n\n\n\n<p>Para o especialista em tr\u00e2nsito Paulo C\u00e9sar Louren\u00e7o, a falta de um item de identifica\u00e7\u00e3o dos estados faz com que a Pol\u00edcia Rodovi\u00e1ria Federal e a PM percam uma ferramenta de inspe\u00e7\u00e3o visual na triagem dos ve\u00edculos.<\/p>\n\n\n\n<p>Ainda segundo Louren\u00e7o, a atual resolu\u00e7\u00e3o de placas do Mercosul, feita pelo Contran, removeu alguns itens de seguran\u00e7a, como a faixa hologr\u00e1fica e o lacre de seguran\u00e7a, mantendo o QR Code e a marca-d&#8217;\u00e1gua. O especialista explicou que o c\u00f3digo implantado nas placas n\u00e3o \u00e9 um item de seguran\u00e7a, mas um elemento de rastreabilidade.<\/p>\n\n\n\n<p><strong><em>\u201cOutros itens, como o lacre, chip e fita hologr\u00e1fica foram removidos das placas, fazendo com que as adotadas no Brasil sejam a menos seguras entre os pa\u00edses-membros. O n\u00famero de ve\u00edculos clonados que possuem placas do modelo Mercosul vem subindo exponencialmente, pois atualmente a placa possui apenas elementos gr\u00e1ficos e n\u00e3o itens de seguran\u00e7a&#8221;<\/em><\/strong>, disse.<\/p>\n\n\n\n<p><em>Fonte: R7<\/em><\/p>\n","protected":false},"excerpt":{"rendered":"<p>Projeto de lei prev\u00ea uma nova altera\u00e7\u00e3o na lei que obrigaria a volta do nome do estado e munic\u00edpio em todas as placas do pa\u00eds<\/p>\n","protected":false},"author":2,"featured_media":7208,"comment_status":"open","ping_status":"open","sticky":false,"template":"","format":"standard","meta":{"om_disable_all_campaigns":false,"_monsterinsights_skip_tracking":false,"_monsterinsights_sitenote_active":false,"_monsterinsights_sitenote_note":"","_monsterinsights_sitenote_category":0,"footnotes":""},"categories":[34,70,69],"tags":[100,71,48,93,75,4178,4180,129,107,4181,132,230,1076,106,203,120,51,1075,109,88,47,111],"class_list":["post-51216","post","type-post","status-publish","format-standard","has-post-thumbnail","hentry","category-brasil","category-destaques","category-noticias2","tag-adustina","tag-antas","tag-araci","tag-brasil","tag-cicero-dantas","tag-cipo-2","tag-crisopolis-2","tag-euclides-da-cunha","tag-fatima","tag-heliopolis-2","tag-itapicuru","tag-jeremoabo","tag-mercosul","tag-nova-soure","tag-novo-triunfo","tag-olindina","tag-paripiranga","tag-placa","tag-quijingue","tag-ribeira-do-amparo","tag-ribeira-do-pombal","tag-sitio-do-quinto"],"aioseo_notices":[],"_links":{"self":[{"href":"https:\/\/www.portalalerta.com.br\/index.php\/wp-json\/wp\/v2\/posts\/51216","targetHints":{"allow":["GET"]}}],"collection":[{"href":"https:\/\/www.portalalerta.com.br\/index.php\/wp-json\/wp\/v2\/posts"}],"about":[{"href":"https:\/\/www.portalalerta.com.br\/index.php\/wp-json\/wp\/v2\/types\/post"}],"author":[{"embeddable":true,"href":"https:\/\/www.portalalerta.com.br\/index.php\/wp-json\/wp\/v2\/users\/2"}],"replies":[{"embeddable":true,"href":"https:\/\/www.portalalerta.com.br\/index.php\/wp-json\/wp\/v2\/comments?post=51216"}],"version-history":[{"count":1,"href":"https:\/\/www.portalalerta.com.br\/index.php\/wp-json\/wp\/v2\/posts\/51216\/revisions"}],"predecessor-version":[{"id":51217,"href":"https:\/\/www.portalalerta.com.br\/index.php\/wp-json\/wp\/v2\/posts\/51216\/revisions\/51217"}],"wp:featuredmedia":[{"embeddable":true,"href":"https:\/\/www.portalalerta.com.br\/index.php\/wp-json\/wp\/v2\/media\/7208"}],"wp:attachment":[{"href":"https:\/\/www.portalalerta.com.br\/index.php\/wp-json\/wp\/v2\/media?parent=51216"}],"wp:term":[{"taxonomy":"category","embeddable":true,"href":"https:\/\/www.portalalerta.com.br\/index.php\/wp-json\/wp\/v2\/categories?post=51216"},{"taxonomy":"post_tag","embeddable":true,"href":"https:\/\/www.portalalerta.com.br\/index.php\/wp-json\/wp\/v2\/tags?post=51216"}],"curies":[{"name":"wp","href":"https:\/\/api.w.org\/{rel}","templated":true}]}}