{"id":51238,"date":"2023-09-23T16:47:40","date_gmt":"2023-09-23T19:47:40","guid":{"rendered":"https:\/\/www.portalalerta.com.br\/?p=51238"},"modified":"2023-09-23T16:47:42","modified_gmt":"2023-09-23T19:47:42","slug":"tse-forma-maioria-para-manter-decisao-que-tornou-bolsonaro-inelegivel","status":"publish","type":"post","link":"https:\/\/www.portalalerta.com.br\/index.php\/2023\/09\/23\/tse-forma-maioria-para-manter-decisao-que-tornou-bolsonaro-inelegivel\/","title":{"rendered":"TSE forma maioria para manter decis\u00e3o que tornou Bolsonaro ineleg\u00edvel"},"content":{"rendered":"\n<p>Os ministros do Tribunal Superior Eleitoral (TSE) decidiram, nesta sexta-feira (22), manter a decis\u00e3o que tornou o ex-presidente Jair Bolsonaro (PL) ineleg\u00edvel em um per\u00edodo de oito anos por abuso de poder pol\u00edtico e uso indevido dos meios de comunica\u00e7\u00e3o.<\/p>\n\n\n\n<!--more-->\n\n\n<div class=\"wp-block-image\">\n<figure class=\"alignleft size-full is-resized\"><img fetchpriority=\"high\" decoding=\"async\" src=\"https:\/\/www.portalalerta.com.br\/wp-content\/uploads\/2022\/03\/Cred-Real.1.jpg\" alt=\"\" class=\"wp-image-41523\" width=\"399\" height=\"319\" srcset=\"https:\/\/www.portalalerta.com.br\/wp-content\/uploads\/2022\/03\/Cred-Real.1.jpg 500w, https:\/\/www.portalalerta.com.br\/wp-content\/uploads\/2022\/03\/Cred-Real.1-300x240.jpg 300w, https:\/\/www.portalalerta.com.br\/wp-content\/uploads\/2022\/03\/Cred-Real.1-183x146.jpg 183w, https:\/\/www.portalalerta.com.br\/wp-content\/uploads\/2022\/03\/Cred-Real.1-50x40.jpg 50w, https:\/\/www.portalalerta.com.br\/wp-content\/uploads\/2022\/03\/Cred-Real.1-94x75.jpg 94w\" sizes=\"(max-width: 399px) 100vw, 399px\" \/><\/figure><\/div>\n\n\n<p>A defesa havia apresentado um recurso contra a medida e o caso voltou \u00e0 pauta da Corte Eleitoral, desta vez, em julgamento virtual, mais de dois meses depois da decis\u00e3o dos ministros pela condena\u00e7\u00e3o do pol\u00edtico.<\/p>\n\n\n\n<p>Acompanham o voto do relator contra o recurso a ministra C\u00e1rmen L\u00facia e os ministros Andr\u00e9 Ramos Tavares e&nbsp;Alexandre de Moraes. O julgamento termina \u00e0s 23h59 do dia 28 de setembro.<\/p>\n\n\n\n<p><em>Fonte: Metro1<\/em><\/p>\n","protected":false},"excerpt":{"rendered":"<p>Os ministros do Tribunal Superior Eleitoral (TSE) decidiram, nesta sexta-feira (22), manter a decis\u00e3o que tornou o ex-presidente Jair Bolsonaro (PL) ineleg\u00edvel em um per\u00edodo de oito anos por abuso de poder pol\u00edtico e uso indevido dos meios de comunica\u00e7\u00e3o.<\/p>\n","protected":false},"author":2,"featured_media":38668,"comment_status":"open","ping_status":"open","sticky":false,"template":"","format":"standard","meta":{"om_disable_all_campaigns":false,"_monsterinsights_skip_tracking":false,"_monsterinsights_sitenote_active":false,"_monsterinsights_sitenote_note":"","_monsterinsights_sitenote_category":0,"footnotes":""},"categories":[70,69,21],"tags":[100,71,48,93,75,4178,4180,129,107,4181,1459,132,1395,230,106,203,120,51,109,88,47,111,216],"class_list":["post-51238","post","type-post","status-publish","format-standard","has-post-thumbnail","hentry","category-destaques","category-noticias2","category-politica","tag-adustina","tag-antas","tag-araci","tag-brasil","tag-cicero-dantas","tag-cipo-2","tag-crisopolis-2","tag-euclides-da-cunha","tag-fatima","tag-heliopolis-2","tag-inelegivel","tag-itapicuru","tag-jair-bolsonaro","tag-jeremoabo","tag-nova-soure","tag-novo-triunfo","tag-olindina","tag-paripiranga","tag-quijingue","tag-ribeira-do-amparo","tag-ribeira-do-pombal","tag-sitio-do-quinto","tag-stf"],"aioseo_notices":[],"_links":{"self":[{"href":"https:\/\/www.portalalerta.com.br\/index.php\/wp-json\/wp\/v2\/posts\/51238","targetHints":{"allow":["GET"]}}],"collection":[{"href":"https:\/\/www.portalalerta.com.br\/index.php\/wp-json\/wp\/v2\/posts"}],"about":[{"href":"https:\/\/www.portalalerta.com.br\/index.php\/wp-json\/wp\/v2\/types\/post"}],"author":[{"embeddable":true,"href":"https:\/\/www.portalalerta.com.br\/index.php\/wp-json\/wp\/v2\/users\/2"}],"replies":[{"embeddable":true,"href":"https:\/\/www.portalalerta.com.br\/index.php\/wp-json\/wp\/v2\/comments?post=51238"}],"version-history":[{"count":1,"href":"https:\/\/www.portalalerta.com.br\/index.php\/wp-json\/wp\/v2\/posts\/51238\/revisions"}],"predecessor-version":[{"id":51239,"href":"https:\/\/www.portalalerta.com.br\/index.php\/wp-json\/wp\/v2\/posts\/51238\/revisions\/51239"}],"wp:featuredmedia":[{"embeddable":true,"href":"https:\/\/www.portalalerta.com.br\/index.php\/wp-json\/wp\/v2\/media\/38668"}],"wp:attachment":[{"href":"https:\/\/www.portalalerta.com.br\/index.php\/wp-json\/wp\/v2\/media?parent=51238"}],"wp:term":[{"taxonomy":"category","embeddable":true,"href":"https:\/\/www.portalalerta.com.br\/index.php\/wp-json\/wp\/v2\/categories?post=51238"},{"taxonomy":"post_tag","embeddable":true,"href":"https:\/\/www.portalalerta.com.br\/index.php\/wp-json\/wp\/v2\/tags?post=51238"}],"curies":[{"name":"wp","href":"https:\/\/api.w.org\/{rel}","templated":true}]}}