{"id":51240,"date":"2023-09-24T13:30:17","date_gmt":"2023-09-24T16:30:17","guid":{"rendered":"https:\/\/www.portalalerta.com.br\/?p=51240"},"modified":"2023-09-24T13:30:19","modified_gmt":"2023-09-24T16:30:19","slug":"ribeira-do-pombal-ba-de-volta-ao-mapa-do-turismo-um-impulso-para-o-desenvolvimento-turistico-local","status":"publish","type":"post","link":"https:\/\/www.portalalerta.com.br\/index.php\/2023\/09\/24\/ribeira-do-pombal-ba-de-volta-ao-mapa-do-turismo-um-impulso-para-o-desenvolvimento-turistico-local\/","title":{"rendered":"Ribeira do Pombal-BA de volta ao Mapa do Turismo: Um Impulso para o Desenvolvimento Tur\u00edstico Local"},"content":{"rendered":"\n<p>O Minist\u00e9rio do Turismo, por meio do abrangente Programa de Regionaliza\u00e7\u00e3o do Turismo e dos Interlocutores Estaduais do PRT, informou que Ribeira do Pombal-BA integra novamente o Mapa do Turismo Brasileiro, registrado no Sistema de Informa\u00e7\u00f5es do Mapa do Turismo Brasileiro. A certifica\u00e7\u00e3o \u00e9 v\u00e1lida at\u00e9 15 de setembro de 2024.<\/p>\n\n\n\n<!--more-->\n\n\n<div class=\"wp-block-image\">\n<figure class=\"alignleft size-full is-resized\"><img fetchpriority=\"high\" decoding=\"async\" src=\"https:\/\/www.portalalerta.com.br\/wp-content\/uploads\/2021\/04\/ELAB.jpg\" alt=\"\" class=\"wp-image-34795\" width=\"404\" height=\"322\" srcset=\"https:\/\/www.portalalerta.com.br\/wp-content\/uploads\/2021\/04\/ELAB.jpg 1000w, https:\/\/www.portalalerta.com.br\/wp-content\/uploads\/2021\/04\/ELAB-300x240.jpg 300w, https:\/\/www.portalalerta.com.br\/wp-content\/uploads\/2021\/04\/ELAB-768x614.jpg 768w, https:\/\/www.portalalerta.com.br\/wp-content\/uploads\/2021\/04\/ELAB-183x146.jpg 183w, https:\/\/www.portalalerta.com.br\/wp-content\/uploads\/2021\/04\/ELAB-50x40.jpg 50w, https:\/\/www.portalalerta.com.br\/wp-content\/uploads\/2021\/04\/ELAB-94x75.jpg 94w\" sizes=\"(max-width: 404px) 100vw, 404px\" \/><\/figure><\/div>\n\n\n<p>Esse retorno ao Mapa do Turismo Brasileiro coloca Ribeira do Pombal no seleto grupo de munic\u00edpios que comp\u00f5em a Zona Tur\u00edstica Caminhos do Sert\u00e3o, reconhecidos por suas caracter\u00edsticas e potencialidades voltadas para o turismo. Essa conquista \u00e9 resultado de um trabalho \u00e1rduo e conjunto entre a prefeitura, empres\u00e1rios locais e a comunidade, que acreditam no poder transformador do turismo para o desenvolvimento econ\u00f4mico e social de sua regi\u00e3o.<\/p>\n\n\n\n<p>Ribeira do Pombal \u00e9 uma cidade que brilha tanto em seu turismo comercial quanto em sua rede hoteleira forte e acolhedora, caracter\u00edsticas que despertam o interesse de viajantes em busca de experi\u00eancias aut\u00eanticas e enriquecedoras. Agora, com sua presen\u00e7a novamente no Mapa do Turismo, a cidade ter\u00e1 acesso a recursos espec\u00edficos e apoio do Minist\u00e9rio do Turismo para impulsionar ainda mais seu potencial tur\u00edstico, promovendo o crescimento local e gerando empregos para a popula\u00e7\u00e3o.<\/p>\n\n\n<div class=\"wp-block-image\">\n<figure class=\"aligncenter size-full\"><img decoding=\"async\" width=\"567\" height=\"341\" src=\"https:\/\/www.portalalerta.com.br\/wp-content\/uploads\/2023\/09\/Ribeira-do-Pombal-no-mapa-do-turismo-2023.jpg\" alt=\"\" class=\"wp-image-51241\" srcset=\"https:\/\/www.portalalerta.com.br\/wp-content\/uploads\/2023\/09\/Ribeira-do-Pombal-no-mapa-do-turismo-2023.jpg 567w, https:\/\/www.portalalerta.com.br\/wp-content\/uploads\/2023\/09\/Ribeira-do-Pombal-no-mapa-do-turismo-2023-399x240.jpg 399w\" sizes=\"(max-width: 567px) 100vw, 567px\" \/><\/figure><\/div>\n\n\n<p><em>Fonte: SECOM\/ Ribeira do Pombal<\/em><\/p>\n","protected":false},"excerpt":{"rendered":"<p>O Minist\u00e9rio do Turismo, por meio do abrangente Programa de Regionaliza\u00e7\u00e3o do Turismo e dos Interlocutores Estaduais do PRT, informou que Ribeira do Pombal-BA integra novamente o Mapa do Turismo Brasileiro, registrado no Sistema de Informa\u00e7\u00f5es do Mapa do Turismo Brasileiro. A certifica\u00e7\u00e3o \u00e9 v\u00e1lida at\u00e9 15 de setembro de 2024.<\/p>\n","protected":false},"author":2,"featured_media":24445,"comment_status":"open","ping_status":"open","sticky":false,"template":"","format":"standard","meta":{"om_disable_all_campaigns":false,"_monsterinsights_skip_tracking":false,"_monsterinsights_sitenote_active":false,"_monsterinsights_sitenote_note":"","_monsterinsights_sitenote_category":0,"footnotes":""},"categories":[70,69,32,3],"tags":[100,71,48,75,4178,4180,129,107,4181,132,230,6338,106,203,120,51,109,88,47,111,563],"class_list":["post-51240","post","type-post","status-publish","format-standard","has-post-thumbnail","hentry","category-destaques","category-noticias2","category-regiao","category-ribeira-do-pombal","tag-adustina","tag-antas","tag-araci","tag-cicero-dantas","tag-cipo-2","tag-crisopolis-2","tag-euclides-da-cunha","tag-fatima","tag-heliopolis-2","tag-itapicuru","tag-jeremoabo","tag-mapa-do-turismo","tag-nova-soure","tag-novo-triunfo","tag-olindina","tag-paripiranga","tag-quijingue","tag-ribeira-do-amparo","tag-ribeira-do-pombal","tag-sitio-do-quinto","tag-turismo"],"aioseo_notices":[],"_links":{"self":[{"href":"https:\/\/www.portalalerta.com.br\/index.php\/wp-json\/wp\/v2\/posts\/51240","targetHints":{"allow":["GET"]}}],"collection":[{"href":"https:\/\/www.portalalerta.com.br\/index.php\/wp-json\/wp\/v2\/posts"}],"about":[{"href":"https:\/\/www.portalalerta.com.br\/index.php\/wp-json\/wp\/v2\/types\/post"}],"author":[{"embeddable":true,"href":"https:\/\/www.portalalerta.com.br\/index.php\/wp-json\/wp\/v2\/users\/2"}],"replies":[{"embeddable":true,"href":"https:\/\/www.portalalerta.com.br\/index.php\/wp-json\/wp\/v2\/comments?post=51240"}],"version-history":[{"count":1,"href":"https:\/\/www.portalalerta.com.br\/index.php\/wp-json\/wp\/v2\/posts\/51240\/revisions"}],"predecessor-version":[{"id":51242,"href":"https:\/\/www.portalalerta.com.br\/index.php\/wp-json\/wp\/v2\/posts\/51240\/revisions\/51242"}],"wp:featuredmedia":[{"embeddable":true,"href":"https:\/\/www.portalalerta.com.br\/index.php\/wp-json\/wp\/v2\/media\/24445"}],"wp:attachment":[{"href":"https:\/\/www.portalalerta.com.br\/index.php\/wp-json\/wp\/v2\/media?parent=51240"}],"wp:term":[{"taxonomy":"category","embeddable":true,"href":"https:\/\/www.portalalerta.com.br\/index.php\/wp-json\/wp\/v2\/categories?post=51240"},{"taxonomy":"post_tag","embeddable":true,"href":"https:\/\/www.portalalerta.com.br\/index.php\/wp-json\/wp\/v2\/tags?post=51240"}],"curies":[{"name":"wp","href":"https:\/\/api.w.org\/{rel}","templated":true}]}}