{"id":51243,"date":"2023-09-24T13:35:44","date_gmt":"2023-09-24T16:35:44","guid":{"rendered":"https:\/\/www.portalalerta.com.br\/?p=51243"},"modified":"2023-09-24T13:35:46","modified_gmt":"2023-09-24T16:35:46","slug":"semana-nacional-do-transito-prf-leva-educacao-para-o-transito-as-cidades-de-euclides-da-cunha-ribeira-do-pombal-e-cipo","status":"publish","type":"post","link":"https:\/\/www.portalalerta.com.br\/index.php\/2023\/09\/24\/semana-nacional-do-transito-prf-leva-educacao-para-o-transito-as-cidades-de-euclides-da-cunha-ribeira-do-pombal-e-cipo\/","title":{"rendered":"Semana Nacional do Tr\u00e2nsito: PRF leva educa\u00e7\u00e3o para o tr\u00e2nsito \u00e0s cidades de Euclides da Cunha, Ribeira do Pombal e Cip\u00f3"},"content":{"rendered":"\n<p>Em comemora\u00e7\u00e3o \u00e0 Semana Nacional do Tr\u00e2nsito, a Pol\u00edcia Rodovi\u00e1ria Federal (PRF) est\u00e1 promovendo uma s\u00e9rie de palestras e atividades educacionais nas cidades de Euclides da Cunha, Ribeira do Pombal e Cip\u00f3. Com o objetivo de conscientizar a popula\u00e7\u00e3o sobre a import\u00e2ncia da seguran\u00e7a vi\u00e1ria, a PRF est\u00e1 engajada em uma miss\u00e3o que inclui o famoso \u00f4nibus do Cinema Rodovi\u00e1rio.<\/p>\n\n\n\n<!--more-->\n\n\n\n<p><strong>Palestras educativas e interativas<\/strong><\/p>\n\n\n\n<p>Durante a semana, a PRF realizar\u00e1 palestras educativas nas escolas e empresas, abordando temas como respeito \u00e0s leis de tr\u00e2nsito, o perigo do uso de celular ao volante, a import\u00e2ncia do uso do cinto de seguran\u00e7a e do capacete, e os riscos da combina\u00e7\u00e3o \u00e1lcool e dire\u00e7\u00e3o.<\/p>\n\n\n\n<p>As palestras s\u00e3o ministradas por agentes treinados, que compartilham suas experi\u00eancias no policiamento rodovi\u00e1rio e oferecem dicas valiosas para uma condu\u00e7\u00e3o segura. Os participantes tamb\u00e9m ter\u00e3o a oportunidade de tirar d\u00favidas e interagir com os policiais, tornando o aprendizado mais envolvente.<\/p>\n\n\n\n<p><strong>O Cinema Rodovi\u00e1rio: uma experi\u00eancia impactante<\/strong><\/p>\n\n\n<div class=\"wp-block-image\">\n<figure class=\"alignleft size-full\"><img fetchpriority=\"high\" decoding=\"async\" width=\"400\" height=\"300\" src=\"https:\/\/www.portalalerta.com.br\/wp-content\/uploads\/2023\/01\/Auto-Escola-Sonho.jpg\" alt=\"\" class=\"wp-image-47083\" srcset=\"https:\/\/www.portalalerta.com.br\/wp-content\/uploads\/2023\/01\/Auto-Escola-Sonho.jpg 400w, https:\/\/www.portalalerta.com.br\/wp-content\/uploads\/2023\/01\/Auto-Escola-Sonho-320x240.jpg 320w\" sizes=\"(max-width: 400px) 100vw, 400px\" \/><\/figure><\/div>\n\n\n<p>Uma das atra\u00e7\u00f5es mais aguardadas \u00f4nibus do Cinema Rodovi\u00e1rio, que estar\u00e1 presente nas tr\u00eas cidades.&nbsp;O projeto Cinema Rodovi\u00e1rio&nbsp;integra as atividades do Grupo de Educa\u00e7\u00e3o para o Tr\u00e2nsito (GETRAN) da PRF&nbsp;e suas a\u00e7\u00f5es ocorrem regularmente o ano inteiro.&nbsp;Enquanto acontece a fiscaliza\u00e7\u00e3o de documentos pessoais e veiculares, os condutores e passageiros s\u00e3o convidados a participar do projeto. Como resultado imediato, \u00e9 poss\u00edvel observar uma profunda reflex\u00e3o dos usu\u00e1rios sobre sua forma de dirigir e interagir no tr\u00e2nsito.<\/p>\n\n\n\n<p><strong>A import\u00e2ncia da Semana Nacional do Tr\u00e2nsito<\/strong><\/p>\n\n\n\n<p>A Semana Nacional do Tr\u00e2nsito \u00e9 uma iniciativa importante para chamar a aten\u00e7\u00e3o da sociedade para a necessidade de um tr\u00e2nsito mais seguro. Com atividades educativas como as promovidas pela PRF, espera-se que a popula\u00e7\u00e3o se torne mais consciente de suas responsabilidades no tr\u00e2nsito, contribuindo para a redu\u00e7\u00e3o do n\u00famero de acidentes e para a preserva\u00e7\u00e3o de vidas.<\/p>\n\n\n\n<p>Fonte: Gov.br<\/p>\n","protected":false},"excerpt":{"rendered":"<p>Em comemora\u00e7\u00e3o \u00e0 Semana Nacional do Tr\u00e2nsito, a Pol\u00edcia Rodovi\u00e1ria Federal (PRF) est\u00e1 promovendo uma s\u00e9rie de palestras e atividades educacionais nas cidades de Euclides da Cunha, Ribeira do Pombal e Cip\u00f3. Com o objetivo de conscientizar a popula\u00e7\u00e3o sobre a import\u00e2ncia da seguran\u00e7a vi\u00e1ria, a PRF est\u00e1 engajada em uma miss\u00e3o que inclui o &hellip;<\/p>\n","protected":false},"author":2,"featured_media":51244,"comment_status":"open","ping_status":"open","sticky":false,"template":"","format":"standard","meta":{"om_disable_all_campaigns":false,"_monsterinsights_skip_tracking":false,"_monsterinsights_sitenote_active":false,"_monsterinsights_sitenote_note":"","_monsterinsights_sitenote_category":0,"footnotes":""},"categories":[13,70,17,69,32,3],"tags":[100,71,48,75,4178,4180,129,107,4181,132,230,106,203,120,51,149,109,88,47,6339,111],"class_list":["post-51243","post","type-post","status-publish","format-standard","has-post-thumbnail","hentry","category-cipo","category-destaques","category-euclides-da-cunha","category-noticias2","category-regiao","category-ribeira-do-pombal","tag-adustina","tag-antas","tag-araci","tag-cicero-dantas","tag-cipo-2","tag-crisopolis-2","tag-euclides-da-cunha","tag-fatima","tag-heliopolis-2","tag-itapicuru","tag-jeremoabo","tag-nova-soure","tag-novo-triunfo","tag-olindina","tag-paripiranga","tag-prf","tag-quijingue","tag-ribeira-do-amparo","tag-ribeira-do-pombal","tag-semana-nacional-do-transito","tag-sitio-do-quinto"],"aioseo_notices":[],"_links":{"self":[{"href":"https:\/\/www.portalalerta.com.br\/index.php\/wp-json\/wp\/v2\/posts\/51243","targetHints":{"allow":["GET"]}}],"collection":[{"href":"https:\/\/www.portalalerta.com.br\/index.php\/wp-json\/wp\/v2\/posts"}],"about":[{"href":"https:\/\/www.portalalerta.com.br\/index.php\/wp-json\/wp\/v2\/types\/post"}],"author":[{"embeddable":true,"href":"https:\/\/www.portalalerta.com.br\/index.php\/wp-json\/wp\/v2\/users\/2"}],"replies":[{"embeddable":true,"href":"https:\/\/www.portalalerta.com.br\/index.php\/wp-json\/wp\/v2\/comments?post=51243"}],"version-history":[{"count":1,"href":"https:\/\/www.portalalerta.com.br\/index.php\/wp-json\/wp\/v2\/posts\/51243\/revisions"}],"predecessor-version":[{"id":51245,"href":"https:\/\/www.portalalerta.com.br\/index.php\/wp-json\/wp\/v2\/posts\/51243\/revisions\/51245"}],"wp:featuredmedia":[{"embeddable":true,"href":"https:\/\/www.portalalerta.com.br\/index.php\/wp-json\/wp\/v2\/media\/51244"}],"wp:attachment":[{"href":"https:\/\/www.portalalerta.com.br\/index.php\/wp-json\/wp\/v2\/media?parent=51243"}],"wp:term":[{"taxonomy":"category","embeddable":true,"href":"https:\/\/www.portalalerta.com.br\/index.php\/wp-json\/wp\/v2\/categories?post=51243"},{"taxonomy":"post_tag","embeddable":true,"href":"https:\/\/www.portalalerta.com.br\/index.php\/wp-json\/wp\/v2\/tags?post=51243"}],"curies":[{"name":"wp","href":"https:\/\/api.w.org\/{rel}","templated":true}]}}