{"id":51249,"date":"2023-09-24T15:55:46","date_gmt":"2023-09-24T18:55:46","guid":{"rendered":"https:\/\/www.portalalerta.com.br\/?p=51249"},"modified":"2023-09-24T15:55:49","modified_gmt":"2023-09-24T18:55:49","slug":"prefeitura-de-adustina-ba-realiza-pagamento-da-complementacao-do-piso-salarial-dos-profissionais-da-enfermagem","status":"publish","type":"post","link":"https:\/\/www.portalalerta.com.br\/index.php\/2023\/09\/24\/prefeitura-de-adustina-ba-realiza-pagamento-da-complementacao-do-piso-salarial-dos-profissionais-da-enfermagem\/","title":{"rendered":"Prefeitura de Adustina-BA realiza pagamento da complementa\u00e7\u00e3o do Piso Salarial dos Profissionais da Enfermagem"},"content":{"rendered":"\n<p>O Poder Executivo de Adustina-BA realizou na \u00faltima ter\u00e7a-feira (19), o pagamento da complementa\u00e7\u00e3o do Piso Salarial dos Profissionais da Enfermagem, incluindo valores retroativos referentes aos meses de maio a agosto. O Governo Federal repassou o valor de 262 mil reais ao munic\u00edpio para assist\u00eancia no pagamento do piso.<\/p>\n\n\n\n<!--more-->\n\n\n<div class=\"wp-block-image\">\n<figure class=\"alignleft size-full is-resized\"><img fetchpriority=\"high\" decoding=\"async\" src=\"https:\/\/www.portalalerta.com.br\/wp-content\/uploads\/2021\/04\/ELAB.jpg\" alt=\"\" class=\"wp-image-34795\" width=\"366\" height=\"292\" srcset=\"https:\/\/www.portalalerta.com.br\/wp-content\/uploads\/2021\/04\/ELAB.jpg 1000w, https:\/\/www.portalalerta.com.br\/wp-content\/uploads\/2021\/04\/ELAB-300x240.jpg 300w, https:\/\/www.portalalerta.com.br\/wp-content\/uploads\/2021\/04\/ELAB-768x614.jpg 768w, https:\/\/www.portalalerta.com.br\/wp-content\/uploads\/2021\/04\/ELAB-183x146.jpg 183w, https:\/\/www.portalalerta.com.br\/wp-content\/uploads\/2021\/04\/ELAB-50x40.jpg 50w, https:\/\/www.portalalerta.com.br\/wp-content\/uploads\/2021\/04\/ELAB-94x75.jpg 94w\" sizes=\"(max-width: 366px) 100vw, 366px\" \/><\/figure><\/div>\n\n\n<p><strong><em>\u201cRessaltamos o compromisso e o respeito da gest\u00e3o municipal com os direitos dos servidores p\u00fablicos, que sempre cumpre com todas as suas obriga\u00e7\u00f5es\u201d<\/em><\/strong>, diz o prefeito Paulo Sergio.<\/p>\n\n\n\n<p><em>Fonte: Rdrygo Ferraz<\/em><\/p>\n","protected":false},"excerpt":{"rendered":"<p>O Poder Executivo de Adustina-BA realizou na \u00faltima ter\u00e7a-feira (19), o pagamento da complementa\u00e7\u00e3o do Piso Salarial dos Profissionais da Enfermagem, incluindo valores retroativos referentes aos meses de maio a agosto. O Governo Federal repassou o valor de 262 mil reais ao munic\u00edpio para assist\u00eancia no pagamento do piso.<\/p>\n","protected":false},"author":2,"featured_media":50719,"comment_status":"open","ping_status":"open","sticky":false,"template":"","format":"standard","meta":{"om_disable_all_campaigns":false,"_monsterinsights_skip_tracking":false,"_monsterinsights_sitenote_active":false,"_monsterinsights_sitenote_note":"","_monsterinsights_sitenote_category":0,"footnotes":""},"categories":[40,70,69,32,19],"tags":[100,71,48,75,4178,4180,5591,129,107,4181,132,230,106,203,120,51,2066,109,88,47,111],"class_list":["post-51249","post","type-post","status-publish","format-standard","has-post-thumbnail","hentry","category-adustina","category-destaques","category-noticias2","category-regiao","category-saude","tag-adustina","tag-antas","tag-araci","tag-cicero-dantas","tag-cipo-2","tag-crisopolis-2","tag-enfermagem","tag-euclides-da-cunha","tag-fatima","tag-heliopolis-2","tag-itapicuru","tag-jeremoabo","tag-nova-soure","tag-novo-triunfo","tag-olindina","tag-paripiranga","tag-piso-salarial","tag-quijingue","tag-ribeira-do-amparo","tag-ribeira-do-pombal","tag-sitio-do-quinto"],"aioseo_notices":[],"_links":{"self":[{"href":"https:\/\/www.portalalerta.com.br\/index.php\/wp-json\/wp\/v2\/posts\/51249","targetHints":{"allow":["GET"]}}],"collection":[{"href":"https:\/\/www.portalalerta.com.br\/index.php\/wp-json\/wp\/v2\/posts"}],"about":[{"href":"https:\/\/www.portalalerta.com.br\/index.php\/wp-json\/wp\/v2\/types\/post"}],"author":[{"embeddable":true,"href":"https:\/\/www.portalalerta.com.br\/index.php\/wp-json\/wp\/v2\/users\/2"}],"replies":[{"embeddable":true,"href":"https:\/\/www.portalalerta.com.br\/index.php\/wp-json\/wp\/v2\/comments?post=51249"}],"version-history":[{"count":1,"href":"https:\/\/www.portalalerta.com.br\/index.php\/wp-json\/wp\/v2\/posts\/51249\/revisions"}],"predecessor-version":[{"id":51250,"href":"https:\/\/www.portalalerta.com.br\/index.php\/wp-json\/wp\/v2\/posts\/51249\/revisions\/51250"}],"wp:featuredmedia":[{"embeddable":true,"href":"https:\/\/www.portalalerta.com.br\/index.php\/wp-json\/wp\/v2\/media\/50719"}],"wp:attachment":[{"href":"https:\/\/www.portalalerta.com.br\/index.php\/wp-json\/wp\/v2\/media?parent=51249"}],"wp:term":[{"taxonomy":"category","embeddable":true,"href":"https:\/\/www.portalalerta.com.br\/index.php\/wp-json\/wp\/v2\/categories?post=51249"},{"taxonomy":"post_tag","embeddable":true,"href":"https:\/\/www.portalalerta.com.br\/index.php\/wp-json\/wp\/v2\/tags?post=51249"}],"curies":[{"name":"wp","href":"https:\/\/api.w.org\/{rel}","templated":true}]}}