{"id":51352,"date":"2023-10-01T21:44:57","date_gmt":"2023-10-02T00:44:57","guid":{"rendered":"https:\/\/www.portalalerta.com.br\/?p=51352"},"modified":"2023-10-01T21:45:00","modified_gmt":"2023-10-02T00:45:00","slug":"jeremoabo-ba-esta-ha-mais-de-uma-semana-sem-agua","status":"publish","type":"post","link":"https:\/\/www.portalalerta.com.br\/index.php\/2023\/10\/01\/jeremoabo-ba-esta-ha-mais-de-uma-semana-sem-agua\/","title":{"rendered":"Jeremoabo-BA est\u00e1 h\u00e1 mais de uma semana sem \u00e1gua"},"content":{"rendered":"\n<p>O munic\u00edpio de Jeremoabo-BA est\u00e1 sem \u00e1gua h\u00e1 pelo menos 07 dias. Moradores da cidade est\u00e3o sofrendo com esta situa\u00e7\u00e3o, e as reclama\u00e7\u00f5es s\u00e3o generalizadas, mas a Empresa Baiana de \u00c1guas e Saneamento (EMBASA), n\u00e3o resolveu o problema at\u00e9 ent\u00e3o (domingo 01\/10).<\/p>\n\n\n\n<!--more-->\n\n\n<div class=\"wp-block-image\">\n<figure class=\"alignleft size-full is-resized\"><img fetchpriority=\"high\" decoding=\"async\" src=\"https:\/\/www.portalalerta.com.br\/wp-content\/uploads\/2021\/04\/ELAB.jpg\" alt=\"\" class=\"wp-image-34795\" width=\"456\" height=\"364\" srcset=\"https:\/\/www.portalalerta.com.br\/wp-content\/uploads\/2021\/04\/ELAB.jpg 1000w, https:\/\/www.portalalerta.com.br\/wp-content\/uploads\/2021\/04\/ELAB-300x240.jpg 300w, https:\/\/www.portalalerta.com.br\/wp-content\/uploads\/2021\/04\/ELAB-768x614.jpg 768w, https:\/\/www.portalalerta.com.br\/wp-content\/uploads\/2021\/04\/ELAB-183x146.jpg 183w, https:\/\/www.portalalerta.com.br\/wp-content\/uploads\/2021\/04\/ELAB-50x40.jpg 50w, https:\/\/www.portalalerta.com.br\/wp-content\/uploads\/2021\/04\/ELAB-94x75.jpg 94w\" sizes=\"(max-width: 456px) 100vw, 456px\" \/><\/figure><\/div>\n\n\n<p>Segundo relatos de populares o problema estaria em uma bomba que fica na zona rural do munic\u00edpio, por\u00e9m n\u00e3o poss\u00edvel confirmar a informa\u00e7\u00e3o. Por diversas vezes a reportagem tentou manter contato com a EMBASA, por\u00e9m sem sucesso.<\/p>\n\n\n\n<p>A falta de \u00e1gua j\u00e1 afeta o funcionamento de institui\u00e7\u00f5es importantes no munic\u00edpio como as escolas, acarretando em suspens\u00e3o de aulas em algumas delas.<\/p>\n\n\n\n<p><em>Fonte: Jeremoabo Como Eu Vejo<\/em><\/p>\n","protected":false},"excerpt":{"rendered":"<p>O munic\u00edpio de Jeremoabo-BA est\u00e1 sem \u00e1gua h\u00e1 pelo menos 07 dias. Moradores da cidade est\u00e3o sofrendo com esta situa\u00e7\u00e3o, e as reclama\u00e7\u00f5es s\u00e3o generalizadas, mas a Empresa Baiana de \u00c1guas e Saneamento (EMBASA), n\u00e3o resolveu o problema at\u00e9 ent\u00e3o (domingo 01\/10).<\/p>\n","protected":false},"author":2,"featured_media":51353,"comment_status":"open","ping_status":"open","sticky":false,"template":"","format":"standard","meta":{"om_disable_all_campaigns":false,"_monsterinsights_skip_tracking":false,"_monsterinsights_sitenote_active":false,"_monsterinsights_sitenote_note":"","_monsterinsights_sitenote_category":0,"footnotes":""},"categories":[70,9,69,32],"tags":[100,71,48,75,4178,4180,275,129,2132,107,4181,132,230,106,203,120,51,109,88,47,111],"class_list":["post-51352","post","type-post","status-publish","format-standard","has-post-thumbnail","hentry","category-destaques","category-jeremoabo","category-noticias2","category-regiao","tag-adustina","tag-antas","tag-araci","tag-cicero-dantas","tag-cipo-2","tag-crisopolis-2","tag-embasa","tag-euclides-da-cunha","tag-falta-de-agua","tag-fatima","tag-heliopolis-2","tag-itapicuru","tag-jeremoabo","tag-nova-soure","tag-novo-triunfo","tag-olindina","tag-paripiranga","tag-quijingue","tag-ribeira-do-amparo","tag-ribeira-do-pombal","tag-sitio-do-quinto"],"aioseo_notices":[],"_links":{"self":[{"href":"https:\/\/www.portalalerta.com.br\/index.php\/wp-json\/wp\/v2\/posts\/51352","targetHints":{"allow":["GET"]}}],"collection":[{"href":"https:\/\/www.portalalerta.com.br\/index.php\/wp-json\/wp\/v2\/posts"}],"about":[{"href":"https:\/\/www.portalalerta.com.br\/index.php\/wp-json\/wp\/v2\/types\/post"}],"author":[{"embeddable":true,"href":"https:\/\/www.portalalerta.com.br\/index.php\/wp-json\/wp\/v2\/users\/2"}],"replies":[{"embeddable":true,"href":"https:\/\/www.portalalerta.com.br\/index.php\/wp-json\/wp\/v2\/comments?post=51352"}],"version-history":[{"count":1,"href":"https:\/\/www.portalalerta.com.br\/index.php\/wp-json\/wp\/v2\/posts\/51352\/revisions"}],"predecessor-version":[{"id":51354,"href":"https:\/\/www.portalalerta.com.br\/index.php\/wp-json\/wp\/v2\/posts\/51352\/revisions\/51354"}],"wp:featuredmedia":[{"embeddable":true,"href":"https:\/\/www.portalalerta.com.br\/index.php\/wp-json\/wp\/v2\/media\/51353"}],"wp:attachment":[{"href":"https:\/\/www.portalalerta.com.br\/index.php\/wp-json\/wp\/v2\/media?parent=51352"}],"wp:term":[{"taxonomy":"category","embeddable":true,"href":"https:\/\/www.portalalerta.com.br\/index.php\/wp-json\/wp\/v2\/categories?post=51352"},{"taxonomy":"post_tag","embeddable":true,"href":"https:\/\/www.portalalerta.com.br\/index.php\/wp-json\/wp\/v2\/tags?post=51352"}],"curies":[{"name":"wp","href":"https:\/\/api.w.org\/{rel}","templated":true}]}}