{"id":51361,"date":"2023-10-02T07:01:00","date_gmt":"2023-10-02T10:01:00","guid":{"rendered":"https:\/\/www.portalalerta.com.br\/?p=51361"},"modified":"2023-10-02T01:19:39","modified_gmt":"2023-10-02T04:19:39","slug":"forum-de-economia-aponta-transicao-energetica-como-grande-oportunidade-para-romper-com-ciclo-de-pobreza-na-bahia-e-no-brasil","status":"publish","type":"post","link":"https:\/\/www.portalalerta.com.br\/index.php\/2023\/10\/02\/forum-de-economia-aponta-transicao-energetica-como-grande-oportunidade-para-romper-com-ciclo-de-pobreza-na-bahia-e-no-brasil\/","title":{"rendered":"F\u00f3rum de economia aponta transi\u00e7\u00e3o energ\u00e9tica como grande oportunidade para romper com ciclo de pobreza na Bahia e no Brasil"},"content":{"rendered":"\n<p>Em meio \u00e0 emerg\u00eancia clim\u00e1tica global, o grande potencial da Bahia e do Brasil para a transi\u00e7\u00e3o energ\u00e9tica foi apontado como oportunidade hist\u00f3rica para alavancar o desenvolvimento social e econ\u00f4mico. Os caminhos para a ind\u00fastria verde na Bahia foram discutidos hoje (29\/09) durante o XI F\u00f3rum Baiano de Economia Aplicada, com o tema Pol\u00edticas p\u00fablicas e transi\u00e7\u00e3o energ\u00e9tica, realizado pela Superintend\u00eancia de Estudos Econ\u00f4micos e Sociais da Bahia (SEI) e a Faculdade de Economia da Universidade Federal da Bahia (UFBA).<\/p>\n\n\n\n<!--more-->\n\n\n\n<p>O evento foi aberto pelo diretor de Indicadores e Estat\u00edstica da SEI, Armando Castro, representando o diretor-geral, Jos\u00e9 Ac\u00e1cio Ferreira, e pelo professor Gerv\u00e1sio Santos, vice-diretor da Faculdade de Economia da UFBA, representando o diretor Henrique Tom\u00e9.<\/p>\n\n\n\n<p>A palestra principal do evento, que aconteceu no audit\u00f3rio da Secretaria de Educa\u00e7\u00e3o, foi realizada pelo superintendente de Atra\u00e7\u00e3o de Investimentos e Fomento ao Desenvolvimento Econ\u00f4mico, da Secretaria de Desenvolvimento Econ\u00f4mico do Estado da Bahia (SDE), Paulo Guimar\u00e3es. &#8220;N\u00f3s passamos pelo ciclo do pau-brasil, da cana-de-a\u00e7\u00facar, caf\u00e9, ouro, cacau. O que isso gerou? Desigualdade. Enriqueceu alguns e manteve grande parcela da popula\u00e7\u00e3o pobre. Esse momento agora \u00e9 uma imensa oportunidade que a Bahia e o Brasil t\u00eam de romper com esse ciclo, aproveitar todos os nossos potenciais de recursos naturais e evidentemente de recursos humanos&#8221;, disse.<\/p>\n\n\n\n<p>Entre os fatores que diferenciam a Bahia, o superintendente citou a presen\u00e7a de dois dos maiores aqu\u00edferos do mundo, rios com grande capacidade de fornecimento de \u00e1gua, o maior potencial e\u00f3lico e solar do Brasil, sendo que a Bahia det\u00e9m a energia e\u00f3lica mais barata, e uma s\u00e9rie de reservas de minerais estrat\u00e9gicos para as solu\u00e7\u00f5es tecnol\u00f3gicas existentes. Ele citou ainda o potencial log\u00edstico, pela posi\u00e7\u00e3o geogr\u00e1fica central do estado, e a maior ba\u00eda tropical do mundo com potencial de ser um grande hub de abastecimento de navios. O superintendente defendeu n\u00e3o apenas a produ\u00e7\u00e3o da energia verde, mais a agrega\u00e7\u00e3o de valor com sua utiliza\u00e7\u00e3o em todo tipo de ind\u00fastria, diferencial que vem se tornando essencial para atender aos mercados internacionais.<\/p>\n\n\n\n<p>O evento apresentou ainda a palestra do secret\u00e1rio Executivo da Comiss\u00e3o Especial para Implanta\u00e7\u00e3o de uma Economia de Hidrog\u00eanio Verde na Bahia (Sema), Roberto Fortuna, que apresentou os avan\u00e7os do trabalho da comiss\u00e3o para colocar a Bahia na vanguarda no tema. Entre algumas realiza\u00e7\u00f5es est\u00e3o a implanta\u00e7\u00e3o de quatro unidades industriais de HL, am\u00f4nia e diesel verde no Polo Industrial de Cama\u00e7ari, cria\u00e7\u00e3o de compromissos, prospec\u00e7\u00f5es, memorandos de entendimento e outras a\u00e7\u00f5es para alavancar investimentos e integrar as pol\u00edticas p\u00fablicas no setor.<\/p>\n\n\n\n<p>Victor Vieira, especialista em descarboniza\u00e7\u00e3o pelo SENAI CIMATEC, apresentou as novidades e inova\u00e7\u00f5es no \u00e2mbito do setor privado, al\u00e9m das possibilidades de forma\u00e7\u00e3o profissional para atender ao novo mercado de trabalho em expans\u00e3o.<\/p>\n\n\n\n<p>O XI F\u00f3rum Baiano de Economia aplicada apresentou ainda uma s\u00e9rie de pesquisas e trabalhos acad\u00eamicos selecionados em economia aplicada. A grava\u00e7\u00e3o do evento ser\u00e1 em breve disponibilizada no canal SEIBAHIA no youtube e mais informa\u00e7\u00f5es podem ser conferidas no site forumbaiano.sei.ba.gov.br.<\/p>\n\n\n\n<p><strong><em>Fonte: Ascom\/SEI<\/em><\/strong><\/p>\n","protected":false},"excerpt":{"rendered":"<p>Em meio \u00e0 emerg\u00eancia clim\u00e1tica global, o grande potencial da Bahia e do Brasil para a transi\u00e7\u00e3o energ\u00e9tica foi apontado como oportunidade hist\u00f3rica para alavancar o desenvolvimento social e econ\u00f4mico. Os caminhos para a ind\u00fastria verde na Bahia foram discutidos hoje (29\/09) durante o XI F\u00f3rum Baiano de Economia Aplicada, com o tema Pol\u00edticas p\u00fablicas &hellip;<\/p>\n","protected":false},"author":2,"featured_media":51362,"comment_status":"open","ping_status":"open","sticky":false,"template":"","format":"standard","meta":{"om_disable_all_campaigns":false,"_monsterinsights_skip_tracking":false,"_monsterinsights_sitenote_active":false,"_monsterinsights_sitenote_note":"","_monsterinsights_sitenote_category":0,"footnotes":""},"categories":[33,34,70,69],"tags":[100,71,48,54,93,75,4178,4180,129,107,6356,4181,132,230,106,203,120,51,109,88,47,111,6357],"class_list":["post-51361","post","type-post","status-publish","format-standard","has-post-thumbnail","hentry","category-bahia","category-brasil","category-destaques","category-noticias2","tag-adustina","tag-antas","tag-araci","tag-bahia","tag-brasil","tag-cicero-dantas","tag-cipo-2","tag-crisopolis-2","tag-euclides-da-cunha","tag-fatima","tag-forum-nacional","tag-heliopolis-2","tag-itapicuru","tag-jeremoabo","tag-nova-soure","tag-novo-triunfo","tag-olindina","tag-paripiranga","tag-quijingue","tag-ribeira-do-amparo","tag-ribeira-do-pombal","tag-sitio-do-quinto","tag-transicao-energetica"],"aioseo_notices":[],"_links":{"self":[{"href":"https:\/\/www.portalalerta.com.br\/index.php\/wp-json\/wp\/v2\/posts\/51361","targetHints":{"allow":["GET"]}}],"collection":[{"href":"https:\/\/www.portalalerta.com.br\/index.php\/wp-json\/wp\/v2\/posts"}],"about":[{"href":"https:\/\/www.portalalerta.com.br\/index.php\/wp-json\/wp\/v2\/types\/post"}],"author":[{"embeddable":true,"href":"https:\/\/www.portalalerta.com.br\/index.php\/wp-json\/wp\/v2\/users\/2"}],"replies":[{"embeddable":true,"href":"https:\/\/www.portalalerta.com.br\/index.php\/wp-json\/wp\/v2\/comments?post=51361"}],"version-history":[{"count":1,"href":"https:\/\/www.portalalerta.com.br\/index.php\/wp-json\/wp\/v2\/posts\/51361\/revisions"}],"predecessor-version":[{"id":51363,"href":"https:\/\/www.portalalerta.com.br\/index.php\/wp-json\/wp\/v2\/posts\/51361\/revisions\/51363"}],"wp:featuredmedia":[{"embeddable":true,"href":"https:\/\/www.portalalerta.com.br\/index.php\/wp-json\/wp\/v2\/media\/51362"}],"wp:attachment":[{"href":"https:\/\/www.portalalerta.com.br\/index.php\/wp-json\/wp\/v2\/media?parent=51361"}],"wp:term":[{"taxonomy":"category","embeddable":true,"href":"https:\/\/www.portalalerta.com.br\/index.php\/wp-json\/wp\/v2\/categories?post=51361"},{"taxonomy":"post_tag","embeddable":true,"href":"https:\/\/www.portalalerta.com.br\/index.php\/wp-json\/wp\/v2\/tags?post=51361"}],"curies":[{"name":"wp","href":"https:\/\/api.w.org\/{rel}","templated":true}]}}