{"id":51364,"date":"2023-10-02T07:02:00","date_gmt":"2023-10-02T10:02:00","guid":{"rendered":"https:\/\/www.portalalerta.com.br\/?p=51364"},"modified":"2023-10-02T01:25:01","modified_gmt":"2023-10-02T04:25:01","slug":"eleicao-dos-novos-conselheiros-tutelares-em-ribeira-do-pombal-ba-registra-grande-participacao","status":"publish","type":"post","link":"https:\/\/www.portalalerta.com.br\/index.php\/2023\/10\/02\/eleicao-dos-novos-conselheiros-tutelares-em-ribeira-do-pombal-ba-registra-grande-participacao\/","title":{"rendered":"Elei\u00e7\u00e3o dos Novos Conselheiros Tutelares em Ribeira do Pombal-BA Registra Grande Participa\u00e7\u00e3o"},"content":{"rendered":"\n<p>No \u00faltimo domingo (1\u00ba), Ribeira do Pombal-BA testemunhou um evento importante para a comunidade, a elei\u00e7\u00e3o dos novos membros dos Conselhos Tutelares. O Col\u00e9gio Ev\u00eancia Brito foi o local escolhido para abrigar as urnas, e o dia foi marcado por uma impressionante movimenta\u00e7\u00e3o de eleitores.<\/p>\n\n\n\n<!--more-->\n\n\n\n<p>Os n\u00fameros da elei\u00e7\u00e3o demonstraram o comprometimento dos cidad\u00e3os com a escolha dos representantes que atuar\u00e3o na prote\u00e7\u00e3o dos direitos das crian\u00e7as e adolescentes. Dos 5.753 votos registrados, 5.666 foram considerados v\u00e1lidos, enquanto 22 foram votos brancos e 65 nulos.<\/p>\n\n\n\n<p>A popula\u00e7\u00e3o de Ribeira do Pombal elegeu os seguintes candidatos para os cargos de conselheiros tutelares:<\/p>\n\n\n<div class=\"wp-block-image\">\n<figure class=\"alignright size-full is-resized\"><img fetchpriority=\"high\" decoding=\"async\" src=\"https:\/\/www.portalalerta.com.br\/wp-content\/uploads\/2021\/04\/ELAB.jpg\" alt=\"\" class=\"wp-image-34795\" width=\"432\" height=\"345\" srcset=\"https:\/\/www.portalalerta.com.br\/wp-content\/uploads\/2021\/04\/ELAB.jpg 1000w, https:\/\/www.portalalerta.com.br\/wp-content\/uploads\/2021\/04\/ELAB-300x240.jpg 300w, https:\/\/www.portalalerta.com.br\/wp-content\/uploads\/2021\/04\/ELAB-768x614.jpg 768w, https:\/\/www.portalalerta.com.br\/wp-content\/uploads\/2021\/04\/ELAB-183x146.jpg 183w, https:\/\/www.portalalerta.com.br\/wp-content\/uploads\/2021\/04\/ELAB-50x40.jpg 50w, https:\/\/www.portalalerta.com.br\/wp-content\/uploads\/2021\/04\/ELAB-94x75.jpg 94w\" sizes=\"(max-width: 432px) 100vw, 432px\" \/><\/figure><\/div>\n\n\n<p><strong>1\u00ba lugar \u2013 Carlos Manoel, com 604 votos.<\/strong><\/p>\n\n\n\n<p><strong>2\u00ba lugar \u2013 Lezia da Cajazeira, com 522 votos.<\/strong><\/p>\n\n\n\n<p><strong>3\u00ba lugar \u2013 Tereza Naiara, com 457 votos.<\/strong><\/p>\n\n\n\n<p><strong>4\u00ba lugar \u2013 Cristiner Oliveira, com 428 votos.<\/strong><\/p>\n\n\n\n<p><strong>5\u00ba lugar \u2013 Eduardo Filho de Duda, com 385 votos.<\/strong><\/p>\n\n\n\n<p>A elei\u00e7\u00e3o foi marcada por uma atmosfera democr\u00e1tica e participativa, com os eleitores expressando suas prefer\u00eancias e contribuindo para a forma\u00e7\u00e3o do novo conselho tutelar, que desempenhar\u00e1 um papel fundamental na prote\u00e7\u00e3o dos direitos das crian\u00e7as e adolescentes em Ribeira do Pombal.<\/p>\n\n\n\n<p><em>Fonte: Dia a Dia Nordeste<\/em><\/p>\n","protected":false},"excerpt":{"rendered":"<p>No \u00faltimo domingo (1\u00ba), Ribeira do Pombal-BA testemunhou um evento importante para a comunidade, a elei\u00e7\u00e3o dos novos membros dos Conselhos Tutelares. O Col\u00e9gio Ev\u00eancia Brito foi o local escolhido para abrigar as urnas, e o dia foi marcado por uma impressionante movimenta\u00e7\u00e3o de eleitores.<\/p>\n","protected":false},"author":2,"featured_media":51365,"comment_status":"open","ping_status":"open","sticky":false,"template":"","format":"standard","meta":{"om_disable_all_campaigns":false,"_monsterinsights_skip_tracking":false,"_monsterinsights_sitenote_active":false,"_monsterinsights_sitenote_note":"","_monsterinsights_sitenote_category":0,"footnotes":""},"categories":[70,69,21,32,3],"tags":[5704,100,71,48,75,4178,795,4180,1808,129,107,4181,132,230,106,203,120,51,109,88,47,111],"class_list":["post-51364","post","type-post","status-publish","format-standard","has-post-thumbnail","hentry","category-destaques","category-noticias2","category-politica","category-regiao","category-ribeira-do-pombal","tag-5704","tag-adustina","tag-antas","tag-araci","tag-cicero-dantas","tag-cipo-2","tag-conselho-tutelar","tag-crisopolis-2","tag-eleicao","tag-euclides-da-cunha","tag-fatima","tag-heliopolis-2","tag-itapicuru","tag-jeremoabo","tag-nova-soure","tag-novo-triunfo","tag-olindina","tag-paripiranga","tag-quijingue","tag-ribeira-do-amparo","tag-ribeira-do-pombal","tag-sitio-do-quinto"],"aioseo_notices":[],"_links":{"self":[{"href":"https:\/\/www.portalalerta.com.br\/index.php\/wp-json\/wp\/v2\/posts\/51364","targetHints":{"allow":["GET"]}}],"collection":[{"href":"https:\/\/www.portalalerta.com.br\/index.php\/wp-json\/wp\/v2\/posts"}],"about":[{"href":"https:\/\/www.portalalerta.com.br\/index.php\/wp-json\/wp\/v2\/types\/post"}],"author":[{"embeddable":true,"href":"https:\/\/www.portalalerta.com.br\/index.php\/wp-json\/wp\/v2\/users\/2"}],"replies":[{"embeddable":true,"href":"https:\/\/www.portalalerta.com.br\/index.php\/wp-json\/wp\/v2\/comments?post=51364"}],"version-history":[{"count":1,"href":"https:\/\/www.portalalerta.com.br\/index.php\/wp-json\/wp\/v2\/posts\/51364\/revisions"}],"predecessor-version":[{"id":51366,"href":"https:\/\/www.portalalerta.com.br\/index.php\/wp-json\/wp\/v2\/posts\/51364\/revisions\/51366"}],"wp:featuredmedia":[{"embeddable":true,"href":"https:\/\/www.portalalerta.com.br\/index.php\/wp-json\/wp\/v2\/media\/51365"}],"wp:attachment":[{"href":"https:\/\/www.portalalerta.com.br\/index.php\/wp-json\/wp\/v2\/media?parent=51364"}],"wp:term":[{"taxonomy":"category","embeddable":true,"href":"https:\/\/www.portalalerta.com.br\/index.php\/wp-json\/wp\/v2\/categories?post=51364"},{"taxonomy":"post_tag","embeddable":true,"href":"https:\/\/www.portalalerta.com.br\/index.php\/wp-json\/wp\/v2\/tags?post=51364"}],"curies":[{"name":"wp","href":"https:\/\/api.w.org\/{rel}","templated":true}]}}