{"id":51367,"date":"2023-10-02T07:03:00","date_gmt":"2023-10-02T10:03:00","guid":{"rendered":"https:\/\/www.portalalerta.com.br\/?p=51367"},"modified":"2023-10-02T01:30:45","modified_gmt":"2023-10-02T04:30:45","slug":"presidente-lula-recebe-alta-dois-dias-apos-cirurgia-no-quadril","status":"publish","type":"post","link":"https:\/\/www.portalalerta.com.br\/index.php\/2023\/10\/02\/presidente-lula-recebe-alta-dois-dias-apos-cirurgia-no-quadril\/","title":{"rendered":"Presidente Lula recebe alta dois dias ap\u00f3s cirurgia no quadril"},"content":{"rendered":"\n<p>O presidente Luiz In\u00e1cio Lula da Silva (PT) recebeu alta hospitalar neste domingo (1\u00ba), ap\u00f3s tr\u00eas dias de interna\u00e7\u00e3o e dois dias ap\u00f3s a cirurgia artroplastia total de quadril e blefaroplastia nas p\u00e1lpebras.<\/p>\n\n\n\n<!--more-->\n\n\n\n<p>Lula estava internado na unidade do Hospital S\u00edrio-Liban\u00eas em Bras\u00edlia.&nbsp;De acordo com o boletim m\u00e9dico emitido \u00e0s 10h deste domingo, Lula passou a noite est\u00e1vel e seguiu a recupera\u00e7\u00e3o realizando fisioterapia. Os m\u00e9dicos disseram que ele caminhou, subiu e desceu escadas com assist\u00eancia fisioterap\u00eautica.<\/p>\n\n\n<div class=\"wp-block-image\">\n<figure class=\"alignleft size-full\"><img fetchpriority=\"high\" decoding=\"async\" width=\"400\" height=\"300\" src=\"https:\/\/www.portalalerta.com.br\/wp-content\/uploads\/2023\/01\/Auto-Escola-Sonho.jpg\" alt=\"\" class=\"wp-image-47083\" srcset=\"https:\/\/www.portalalerta.com.br\/wp-content\/uploads\/2023\/01\/Auto-Escola-Sonho.jpg 400w, https:\/\/www.portalalerta.com.br\/wp-content\/uploads\/2023\/01\/Auto-Escola-Sonho-320x240.jpg 320w\" sizes=\"(max-width: 400px) 100vw, 400px\" \/><\/figure><\/div>\n\n\n<p>De acordo com o boletim m\u00e9dico da tarde deste domingo, o presidente recebeu alta <strong><em>\u201cap\u00f3s boa evolu\u00e7\u00e3o cl\u00ednica\u201d.<\/em><\/strong> A nota diz que Lula <strong><em>\u201cseguir\u00e1 em reabilita\u00e7\u00e3o ambulatorial aos cuidados das equipes<br>m\u00e9dicas do doutor. Roberto Kalil Filho, da doutora Ana Helena Germoglio e doutor Giancarlo Cavalli Polesello\u201d.<\/em><\/strong><\/p>\n\n\n\n<p><strong><em>\u201cAs equipes m\u00e9dicas do Prof. Dr. Roberto Kalil Filho, da Dra. Ana Helena Germoglio e Prof. Dr. Giancarlo Cavalli Polesello, respons\u00e1veis pelo seu cuidado, avaliam possibilidade de alta ainda para o dia de hoje\u201d,<\/em><\/strong> concluiu o boletim da manh\u00e3 deste domingo.<\/p>\n\n\n\n<p><strong>\u00c1rea reservada<\/strong><\/p>\n\n\n\n<p>Conforme apurou o rep\u00f3rter da\u00a0<strong>CNN\u00a0<\/strong>Teo Cury, Lula estava no hospital S\u00edrio-Liban\u00eas\u00a0acompanhado da primeira-dama Ros\u00e2ngela Lula da Silva, a Janja.<\/p>\n\n\n\n<p>Por orienta\u00e7\u00e3o m\u00e9dica, o presidente n\u00e3o recebeu visitas e nem trabalhar enquanto estiver no hospital.<\/p>\n\n\n\n<p>O aposento em que o presidente se recuperou da cirurgia ficava no final do corredor de um dos andares do hospital. Para acomod\u00e1-lo, n\u00e3o foi necess\u00e1rio isolar o espa\u00e7o.<\/p>\n\n\n\n<p>O quarto de Lula contou com uma antessala que poderia ser usada para despachos e reuni\u00f5es, e abrigou os seguran\u00e7as que o escoltam.<\/p>\n\n\n\n<p>Foi nesta antessala que o presidente caminhou na manh\u00e3 deste s\u00e1bado (30) e realizou as primeiras sess\u00f5es de fisioterapia.<\/p>\n\n\n\n<p>O quarto com antessala foi adaptado quando o hospital, que tem sede em S\u00e3o Paulo, chegou a Bras\u00edlia.<\/p>\n\n\n\n<p>A adapta\u00e7\u00e3o teve como objetivo receber autoridades, personalidades e empres\u00e1rios de maneira reservada e para manter suas rotinas de atividades.<\/p>\n\n\n\n<p>A antessala permitiu que os seguran\u00e7as que integraram a escolta presidencial ficassem pr\u00f3ximos a Lula e n\u00e3o precisaram ocupar os corredores do hospital.<\/p>\n\n\n\n<p>O quarto com a configura\u00e7\u00e3o especial garantiu a privacidade do presidente e da primeira-dama e evitou que os demais pacientes do hospital fossem afetados pela presen\u00e7a do mandat\u00e1rio. Com isso, a rotina do hospital foi normal.<\/p>\n\n\n\n<p>O presidente n\u00e3o tem restri\u00e7\u00e3o alguma e seguiu uma dieta normal e balanceada.<\/p>\n\n\n\n<p>Lula dever\u00e1 permanecer por ao menos tr\u00eas semanas se recuperando no Pal\u00e1cio da Alvorada e de quatro a seis semanas sem viajar.<\/p>\n\n\n\n<p>O primeiro compromisso do presidente fora de Bras\u00edlia p\u00f3s-cirurgia deve acontecer no final de novembro.<\/p>\n\n\n\n<p>Lula participar\u00e1 da 28\u00aa Confer\u00eancia do Clima das Na\u00e7\u00f5es Unidas, COP28, nos Emirados \u00c1rabes Unidos. Na sequ\u00eancia, deve visitar a Alemanha.<\/p>\n\n\n\n<p><em>Fonte: CNN<\/em><\/p>\n","protected":false},"excerpt":{"rendered":"<p>O presidente Luiz In\u00e1cio Lula da Silva (PT) recebeu alta hospitalar neste domingo (1\u00ba), ap\u00f3s tr\u00eas dias de interna\u00e7\u00e3o e dois dias ap\u00f3s a cirurgia artroplastia total de quadril e blefaroplastia nas p\u00e1lpebras.<\/p>\n","protected":false},"author":2,"featured_media":47293,"comment_status":"open","ping_status":"open","sticky":false,"template":"","format":"standard","meta":{"om_disable_all_campaigns":false,"_monsterinsights_skip_tracking":false,"_monsterinsights_sitenote_active":false,"_monsterinsights_sitenote_note":"","_monsterinsights_sitenote_category":0,"footnotes":""},"categories":[34,70,69,21],"tags":[100,666,71,48,93,75,4178,1568,4180,129,107,4181,132,230,303,106,203,120,51,109,88,47,111],"class_list":["post-51367","post","type-post","status-publish","format-standard","has-post-thumbnail","hentry","category-brasil","category-destaques","category-noticias2","category-politica","tag-adustina","tag-alta-hospitalar","tag-antas","tag-araci","tag-brasil","tag-cicero-dantas","tag-cipo-2","tag-cirurgia","tag-crisopolis-2","tag-euclides-da-cunha","tag-fatima","tag-heliopolis-2","tag-itapicuru","tag-jeremoabo","tag-lula","tag-nova-soure","tag-novo-triunfo","tag-olindina","tag-paripiranga","tag-quijingue","tag-ribeira-do-amparo","tag-ribeira-do-pombal","tag-sitio-do-quinto"],"aioseo_notices":[],"_links":{"self":[{"href":"https:\/\/www.portalalerta.com.br\/index.php\/wp-json\/wp\/v2\/posts\/51367","targetHints":{"allow":["GET"]}}],"collection":[{"href":"https:\/\/www.portalalerta.com.br\/index.php\/wp-json\/wp\/v2\/posts"}],"about":[{"href":"https:\/\/www.portalalerta.com.br\/index.php\/wp-json\/wp\/v2\/types\/post"}],"author":[{"embeddable":true,"href":"https:\/\/www.portalalerta.com.br\/index.php\/wp-json\/wp\/v2\/users\/2"}],"replies":[{"embeddable":true,"href":"https:\/\/www.portalalerta.com.br\/index.php\/wp-json\/wp\/v2\/comments?post=51367"}],"version-history":[{"count":1,"href":"https:\/\/www.portalalerta.com.br\/index.php\/wp-json\/wp\/v2\/posts\/51367\/revisions"}],"predecessor-version":[{"id":51368,"href":"https:\/\/www.portalalerta.com.br\/index.php\/wp-json\/wp\/v2\/posts\/51367\/revisions\/51368"}],"wp:featuredmedia":[{"embeddable":true,"href":"https:\/\/www.portalalerta.com.br\/index.php\/wp-json\/wp\/v2\/media\/47293"}],"wp:attachment":[{"href":"https:\/\/www.portalalerta.com.br\/index.php\/wp-json\/wp\/v2\/media?parent=51367"}],"wp:term":[{"taxonomy":"category","embeddable":true,"href":"https:\/\/www.portalalerta.com.br\/index.php\/wp-json\/wp\/v2\/categories?post=51367"},{"taxonomy":"post_tag","embeddable":true,"href":"https:\/\/www.portalalerta.com.br\/index.php\/wp-json\/wp\/v2\/tags?post=51367"}],"curies":[{"name":"wp","href":"https:\/\/api.w.org\/{rel}","templated":true}]}}