{"id":51371,"date":"2023-10-02T11:01:00","date_gmt":"2023-10-02T14:01:00","guid":{"rendered":"https:\/\/www.portalalerta.com.br\/?p=51371"},"modified":"2023-10-02T01:56:19","modified_gmt":"2023-10-02T04:56:19","slug":"policia-apreende-moto-com-mais-de-r-40-mil-em-multas-em-ribeira-do-pombal-ba","status":"publish","type":"post","link":"https:\/\/www.portalalerta.com.br\/index.php\/2023\/10\/02\/policia-apreende-moto-com-mais-de-r-40-mil-em-multas-em-ribeira-do-pombal-ba\/","title":{"rendered":"Pol\u00edcia apreende moto com mais de R$ 40 mil em multas, em Ribeira do Pombal-BA"},"content":{"rendered":"\n<p>Na noite do \u00faltimo s\u00e1bado (30), policiais militares do 2\u00ba Pelot\u00e3o\/ Ribeira do Pombal-BA que acompanhavam um evento festivo ocorrido na Fazenda Juliana, zona rural da cidade, flagraram um jovem conduzindo uma moto Yamaha YBR, ostentando cor preta, sem o devido lacre da placa de identifica\u00e7\u00e3o.<\/p>\n\n\n\n<!--more-->\n\n\n\n<p>Os militares decidiram pela abordagem, e desta forma constataram que o condutor n\u00e3o estava com a documenta\u00e7\u00e3o do ve\u00edculo, por\u00e9m ao consultarem os dados identificadores, perceberam que na verdade a moto seria vermelha, e que acumula o valor de R$ 44.860,90 em multas, tendo o seu \u00fanico licenciamento em 2011, ano em que o ve\u00edculo foi fabricado.<\/p>\n\n\n\n<p>A moto foi conduzida para o P\u00e1tio do 2\u00ba Pelot\u00e3o, para a ado\u00e7\u00e3o das medidas cab\u00edveis.<\/p>\n\n\n\n<p><em>Reda\u00e7\u00e3o: Portal Alerta<\/em><\/p>\n","protected":false},"excerpt":{"rendered":"<p>Na noite do \u00faltimo s\u00e1bado (30), policiais militares do 2\u00ba Pelot\u00e3o\/ Ribeira do Pombal-BA que acompanhavam um evento festivo ocorrido na Fazenda Juliana, zona rural da cidade, flagraram um jovem conduzindo uma moto Yamaha YBR, ostentando cor preta, sem o devido lacre da placa de identifica\u00e7\u00e3o.<\/p>\n","protected":false},"author":2,"featured_media":51372,"comment_status":"open","ping_status":"open","sticky":false,"template":"","format":"standard","meta":{"om_disable_all_campaigns":false,"_monsterinsights_skip_tracking":false,"_monsterinsights_sitenote_active":false,"_monsterinsights_sitenote_note":"","_monsterinsights_sitenote_category":0,"footnotes":""},"categories":[70,69,32,3],"tags":[100,71,48,75,4178,4180,129,107,4181,132,230,4052,106,203,120,51,109,88,47,111,4411],"class_list":["post-51371","post","type-post","status-publish","format-standard","has-post-thumbnail","hentry","category-destaques","category-noticias2","category-regiao","category-ribeira-do-pombal","tag-adustina","tag-antas","tag-araci","tag-cicero-dantas","tag-cipo-2","tag-crisopolis-2","tag-euclides-da-cunha","tag-fatima","tag-heliopolis-2","tag-itapicuru","tag-jeremoabo","tag-multas","tag-nova-soure","tag-novo-triunfo","tag-olindina","tag-paripiranga","tag-quijingue","tag-ribeira-do-amparo","tag-ribeira-do-pombal","tag-sitio-do-quinto","tag-veiculo-apreendido-2"],"aioseo_notices":[],"_links":{"self":[{"href":"https:\/\/www.portalalerta.com.br\/index.php\/wp-json\/wp\/v2\/posts\/51371","targetHints":{"allow":["GET"]}}],"collection":[{"href":"https:\/\/www.portalalerta.com.br\/index.php\/wp-json\/wp\/v2\/posts"}],"about":[{"href":"https:\/\/www.portalalerta.com.br\/index.php\/wp-json\/wp\/v2\/types\/post"}],"author":[{"embeddable":true,"href":"https:\/\/www.portalalerta.com.br\/index.php\/wp-json\/wp\/v2\/users\/2"}],"replies":[{"embeddable":true,"href":"https:\/\/www.portalalerta.com.br\/index.php\/wp-json\/wp\/v2\/comments?post=51371"}],"version-history":[{"count":1,"href":"https:\/\/www.portalalerta.com.br\/index.php\/wp-json\/wp\/v2\/posts\/51371\/revisions"}],"predecessor-version":[{"id":51373,"href":"https:\/\/www.portalalerta.com.br\/index.php\/wp-json\/wp\/v2\/posts\/51371\/revisions\/51373"}],"wp:featuredmedia":[{"embeddable":true,"href":"https:\/\/www.portalalerta.com.br\/index.php\/wp-json\/wp\/v2\/media\/51372"}],"wp:attachment":[{"href":"https:\/\/www.portalalerta.com.br\/index.php\/wp-json\/wp\/v2\/media?parent=51371"}],"wp:term":[{"taxonomy":"category","embeddable":true,"href":"https:\/\/www.portalalerta.com.br\/index.php\/wp-json\/wp\/v2\/categories?post=51371"},{"taxonomy":"post_tag","embeddable":true,"href":"https:\/\/www.portalalerta.com.br\/index.php\/wp-json\/wp\/v2\/tags?post=51371"}],"curies":[{"name":"wp","href":"https:\/\/api.w.org\/{rel}","templated":true}]}}