{"id":51476,"date":"2023-10-09T11:14:37","date_gmt":"2023-10-09T14:14:37","guid":{"rendered":"https:\/\/www.portalalerta.com.br\/?p=51476"},"modified":"2023-10-09T11:14:38","modified_gmt":"2023-10-09T14:14:38","slug":"israel-diz-ter-retomado-controle-das-areas-ao-redor-de-gaza-apos-ataques-do-hamas","status":"publish","type":"post","link":"https:\/\/www.portalalerta.com.br\/index.php\/2023\/10\/09\/israel-diz-ter-retomado-controle-das-areas-ao-redor-de-gaza-apos-ataques-do-hamas\/","title":{"rendered":"Israel diz ter retomado controle das \u00e1reas ao redor de Gaza ap\u00f3s ataques do Hamas"},"content":{"rendered":"\n<p>O porta-voz das For\u00e7as de Defesa de Israel (FDI), o almirante Daniel Hagari, declarou, na manh\u00e3 desta segunda-feira (9), que as tropas israelenses retomaram o controle de todas as comunidades ao redor da Faixa de Gaza. Segundo ele, n\u00e3o h\u00e1 mais combates entre as FDI e o Hamas.<\/p>\n\n\n\n<!--more-->\n\n\n\n<p>O an\u00fancio foi feito mais de 48 horas ap\u00f3s o\u00a0Hamas ter lan\u00e7ado um ataque surpresa, no s\u00e1bado (7), com milhares de foguetes e enviado combatentes atrav\u00e9s da fronteira, numa incurs\u00e3o que Israel n\u00e3o via desde a Guerra da Independ\u00eancia de 1948.<\/p>\n\n\n<div class=\"wp-block-image\">\n<figure class=\"alignleft size-large is-resized\"><img fetchpriority=\"high\" decoding=\"async\" src=\"https:\/\/www.portalalerta.com.br\/wp-content\/uploads\/2023\/10\/Real-Aniversario-2023-1024x1024.jpg\" alt=\"\" class=\"wp-image-51409\" width=\"384\" height=\"384\" srcset=\"https:\/\/www.portalalerta.com.br\/wp-content\/uploads\/2023\/10\/Real-Aniversario-2023-1024x1024.jpg 1024w, https:\/\/www.portalalerta.com.br\/wp-content\/uploads\/2023\/10\/Real-Aniversario-2023-240x240.jpg 240w, https:\/\/www.portalalerta.com.br\/wp-content\/uploads\/2023\/10\/Real-Aniversario-2023-768x768.jpg 768w, https:\/\/www.portalalerta.com.br\/wp-content\/uploads\/2023\/10\/Real-Aniversario-2023-1536x1536.jpg 1536w, https:\/\/www.portalalerta.com.br\/wp-content\/uploads\/2023\/10\/Real-Aniversario-2023.jpg 1600w\" sizes=\"(max-width: 384px) 100vw, 384px\" \/><\/figure><\/div>\n\n\n<p>A guerra se intensificou quando\u00a0o grupo liban\u00eas Hezbollah emitiu um comunicado reivindicando a responsabilidade por atacar tr\u00eas locais israelenses\u00a0em uma \u00e1rea conhecida como Fazendas Shebaa, usando m\u00edsseis e artilharia.<\/p>\n\n\n\n<p>Israel respondeu aos ataques disparando contra a \u00e1rea do L\u00edbano onde o ataque se originou, de acordo com a FDI anteriormente.<\/p>\n\n\n\n<p>O n\u00famero de mortos aumenta na medida em que os combates se intensificam \u2014 os n\u00fameros de domingo saltaram para mais de 430 em Gaza, com cerca de 2.200 feridos, segundo o Minist\u00e9rio da Sa\u00fade palestino em Gaza; e mais de 700 mortos em Israel, segundo a FDI.<\/p>\n\n\n\n<p><strong>Contra-ataques<\/strong><\/p>\n\n\n\n<p>a momento do contra-ataque de Israel em Gaza | CNN PRIME TIME<\/p>\n\n\n\n<p>Na cidade de\u00a0Gaza, um campo de refugiados palestinos foi atingido por ataques a\u00e9reos de Israel nesta segunda-feira (9).<\/p>\n\n\n\n<p><strong><em>\u201cSem aviso, eles nos atingiram sem qualquer aviso. Era um [avi\u00e3o] F-16. N\u00e3o houve aviso, nada. E voc\u00ea pode ver a destrui\u00e7\u00e3o, veja por si mesmo\u201d,<\/em><\/strong> disse \u00e0 Reuters um homem n\u00e3o identificado no campo de refugiados de Shati.<\/p>\n\n\n\n<p>Dezenas de milhares de pessoas foram deslocadas em Gaza enquanto a FDI continua a atacar as posi\u00e7\u00f5es do Hamas na faixa, segundo a Ag\u00eancia de Assist\u00eancia e Obras das Na\u00e7\u00f5es Unidas (UNRWA, na sigla em ingl\u00eas) no domingo.<\/p>\n\n\n\n<p>Quase 74 mil pessoas est\u00e3o agora em 64 abrigos da UNRWA, afirma a declara\u00e7\u00e3o da ag\u00eancia.<\/p>\n\n\n\n<p><strong><em>\u201cAs escolas e outras infraestruturas civis, incluindo aquelas que abrigam fam\u00edlias deslocadas, nunca devem ser atacadas\u201d<\/em><\/strong>, criticou a UNRWA.<\/p>\n\n\n\n<p>O Hamas disse ter lan\u00e7ado mais 100 m\u00edsseis contra Israel, tendo como alvo o Aeroporto Internacional Ben Gurion. O grupo palestino disse tamb\u00e9m ter atacado Ashkelon, cidade ao sul de Israel.<\/p>\n\n\n\n<p><strong>Como surgiu o conflito?<\/strong><\/p>\n\n\n\n<p>O professor da Universidade Federal do Rio de Janeiro (UFRJ) e pesquisador da Universidade de Jerusal\u00e9m Michel Gherman relembrou, em entrevista \u00e0\u00a0<strong>CNN<\/strong>\u00a0no s\u00e1bado (7), o in\u00edcio do conflito entre Israel e Palestina, que\u00a0tem origem mais recente na virada do s\u00e9culo 19 para o s\u00e9culo 20.<\/p>\n\n\n\n<p><strong><em>\u201cO conflito palestino-israelense pode ser vinculado ao in\u00edcio da imigra\u00e7\u00e3o judaica-palestina, que come\u00e7a com o projeto de forma\u00e7\u00e3o do estado judeu na Palestina ainda como refer\u00eancia, como horizonte de possibilidade. Come\u00e7am a construir, no final do s\u00e9culo 19 e in\u00edcio do s\u00e9culo 20, col\u00f4nias e uma estrutura pr\u00f3pria estatal que tem como elemento fundamental a fuga do antissemitismo na Europa e a possibilidade de constru\u00e7\u00e3o de um discurso nacional\u201d<\/em><\/strong>, explicou Gherman.<\/p>\n\n\n\n<p>Segundo o professor, o conflito se acentua ainda nos anos 1920, quando o Movimento Nacional Palestino, que tamb\u00e9m estava nascendo, passou a tratar os judeus que chegavam \u00e0s col\u00f4nias na Palestina como inimigos, e ganha nova escala na d\u00e9cada seguinte.<\/p>\n\n\n\n<p>Os anos 1930, conforme lembra Gherman, s\u00e3o marcados pelo antissemitismo pautado pelo surgimento e o fortalecimento do nazismo na Europa, sobretudo na Alemanha e na \u00c1ustria.<\/p>\n\n\n\n<p><strong><em>\u201cNeste momento, algumas lideran\u00e7as palestinas come\u00e7am a apoiar Hitler, e os judeus come\u00e7am a chegar em massa na Palestina\u201d<\/em><\/strong>, afirmou.<\/p>\n\n\n\n<p><em>Fonte: CNN<\/em><\/p>\n","protected":false},"excerpt":{"rendered":"<p>O porta-voz das For\u00e7as de Defesa de Israel (FDI), o almirante Daniel Hagari, declarou, na manh\u00e3 desta segunda-feira (9), que as tropas israelenses retomaram o controle de todas as comunidades ao redor da Faixa de Gaza. Segundo ele, n\u00e3o h\u00e1 mais combates entre as FDI e o Hamas.<\/p>\n","protected":false},"author":2,"featured_media":51477,"comment_status":"open","ping_status":"open","sticky":false,"template":"","format":"standard","meta":{"om_disable_all_campaigns":false,"_monsterinsights_skip_tracking":false,"_monsterinsights_sitenote_active":false,"_monsterinsights_sitenote_note":"","_monsterinsights_sitenote_category":0,"footnotes":""},"categories":[70,35,69],"tags":[100,71,48,75,4178,4180,129,107,835,4181,858,132,230,339,106,203,120,859,51,109,88,47,111],"class_list":["post-51476","post","type-post","status-publish","format-standard","has-post-thumbnail","hentry","category-destaques","category-mundo","category-noticias2","tag-adustina","tag-antas","tag-araci","tag-cicero-dantas","tag-cipo-2","tag-crisopolis-2","tag-euclides-da-cunha","tag-fatima","tag-guerra","tag-heliopolis-2","tag-israel","tag-itapicuru","tag-jeremoabo","tag-mundo","tag-nova-soure","tag-novo-triunfo","tag-olindina","tag-palestina","tag-paripiranga","tag-quijingue","tag-ribeira-do-amparo","tag-ribeira-do-pombal","tag-sitio-do-quinto"],"aioseo_notices":[],"_links":{"self":[{"href":"https:\/\/www.portalalerta.com.br\/index.php\/wp-json\/wp\/v2\/posts\/51476","targetHints":{"allow":["GET"]}}],"collection":[{"href":"https:\/\/www.portalalerta.com.br\/index.php\/wp-json\/wp\/v2\/posts"}],"about":[{"href":"https:\/\/www.portalalerta.com.br\/index.php\/wp-json\/wp\/v2\/types\/post"}],"author":[{"embeddable":true,"href":"https:\/\/www.portalalerta.com.br\/index.php\/wp-json\/wp\/v2\/users\/2"}],"replies":[{"embeddable":true,"href":"https:\/\/www.portalalerta.com.br\/index.php\/wp-json\/wp\/v2\/comments?post=51476"}],"version-history":[{"count":1,"href":"https:\/\/www.portalalerta.com.br\/index.php\/wp-json\/wp\/v2\/posts\/51476\/revisions"}],"predecessor-version":[{"id":51478,"href":"https:\/\/www.portalalerta.com.br\/index.php\/wp-json\/wp\/v2\/posts\/51476\/revisions\/51478"}],"wp:featuredmedia":[{"embeddable":true,"href":"https:\/\/www.portalalerta.com.br\/index.php\/wp-json\/wp\/v2\/media\/51477"}],"wp:attachment":[{"href":"https:\/\/www.portalalerta.com.br\/index.php\/wp-json\/wp\/v2\/media?parent=51476"}],"wp:term":[{"taxonomy":"category","embeddable":true,"href":"https:\/\/www.portalalerta.com.br\/index.php\/wp-json\/wp\/v2\/categories?post=51476"},{"taxonomy":"post_tag","embeddable":true,"href":"https:\/\/www.portalalerta.com.br\/index.php\/wp-json\/wp\/v2\/tags?post=51476"}],"curies":[{"name":"wp","href":"https:\/\/api.w.org\/{rel}","templated":true}]}}