{"id":51479,"date":"2023-10-09T18:50:27","date_gmt":"2023-10-09T21:50:27","guid":{"rendered":"https:\/\/www.portalalerta.com.br\/?p=51479"},"modified":"2023-10-09T18:50:29","modified_gmt":"2023-10-09T21:50:29","slug":"25-brasileiros-que-estao-na-faixa-de-gaza-pedem-repatriacao","status":"publish","type":"post","link":"https:\/\/www.portalalerta.com.br\/index.php\/2023\/10\/09\/25-brasileiros-que-estao-na-faixa-de-gaza-pedem-repatriacao\/","title":{"rendered":"25 brasileiros que est\u00e3o na Faixa de Gaza pedem repatria\u00e7\u00e3o"},"content":{"rendered":"\n<p>Fontes do governo afirmam que 25 brasileiros que est\u00e3o na Faixa de Gaza pedem repatria\u00e7\u00e3o.<\/p>\n\n\n\n<!--more-->\n\n\n\n<p>Como as fronteiras est\u00e3o fechadas, o governo brasileiro est\u00e1 em contato com a embaixada de Cairo para tentar a retirada do grupo via Egito.<\/p>\n\n\n\n<p>Interlocutores afirmam que como a Faizxa de Gaza \u00e9 controlada pela Irmandade Mu\u00e7ulmana, o Itamaraty tenta contato com o grupo isl\u00e2mico para negociar a repatria\u00e7\u00e3o dos 25 brasileiros.<\/p>\n\n\n\n<p><em>Fonte: Chico Sabe Tudo<\/em><\/p>\n","protected":false},"excerpt":{"rendered":"<p>Fontes do governo afirmam que 25 brasileiros que est\u00e3o na Faixa de Gaza pedem repatria\u00e7\u00e3o.<\/p>\n","protected":false},"author":2,"featured_media":51480,"comment_status":"open","ping_status":"open","sticky":false,"template":"","format":"standard","meta":{"om_disable_all_campaigns":false,"_monsterinsights_skip_tracking":false,"_monsterinsights_sitenote_active":false,"_monsterinsights_sitenote_note":"","_monsterinsights_sitenote_category":0,"footnotes":""},"categories":[34,70,35,69],"tags":[100,71,48,93,2189,75,4178,4180,129,107,835,4181,858,132,230,339,106,203,120,859,51,109,88,47,111],"class_list":["post-51479","post","type-post","status-publish","format-standard","has-post-thumbnail","hentry","category-brasil","category-destaques","category-mundo","category-noticias2","tag-adustina","tag-antas","tag-araci","tag-brasil","tag-brasileiros","tag-cicero-dantas","tag-cipo-2","tag-crisopolis-2","tag-euclides-da-cunha","tag-fatima","tag-guerra","tag-heliopolis-2","tag-israel","tag-itapicuru","tag-jeremoabo","tag-mundo","tag-nova-soure","tag-novo-triunfo","tag-olindina","tag-palestina","tag-paripiranga","tag-quijingue","tag-ribeira-do-amparo","tag-ribeira-do-pombal","tag-sitio-do-quinto"],"aioseo_notices":[],"_links":{"self":[{"href":"https:\/\/www.portalalerta.com.br\/index.php\/wp-json\/wp\/v2\/posts\/51479","targetHints":{"allow":["GET"]}}],"collection":[{"href":"https:\/\/www.portalalerta.com.br\/index.php\/wp-json\/wp\/v2\/posts"}],"about":[{"href":"https:\/\/www.portalalerta.com.br\/index.php\/wp-json\/wp\/v2\/types\/post"}],"author":[{"embeddable":true,"href":"https:\/\/www.portalalerta.com.br\/index.php\/wp-json\/wp\/v2\/users\/2"}],"replies":[{"embeddable":true,"href":"https:\/\/www.portalalerta.com.br\/index.php\/wp-json\/wp\/v2\/comments?post=51479"}],"version-history":[{"count":1,"href":"https:\/\/www.portalalerta.com.br\/index.php\/wp-json\/wp\/v2\/posts\/51479\/revisions"}],"predecessor-version":[{"id":51481,"href":"https:\/\/www.portalalerta.com.br\/index.php\/wp-json\/wp\/v2\/posts\/51479\/revisions\/51481"}],"wp:featuredmedia":[{"embeddable":true,"href":"https:\/\/www.portalalerta.com.br\/index.php\/wp-json\/wp\/v2\/media\/51480"}],"wp:attachment":[{"href":"https:\/\/www.portalalerta.com.br\/index.php\/wp-json\/wp\/v2\/media?parent=51479"}],"wp:term":[{"taxonomy":"category","embeddable":true,"href":"https:\/\/www.portalalerta.com.br\/index.php\/wp-json\/wp\/v2\/categories?post=51479"},{"taxonomy":"post_tag","embeddable":true,"href":"https:\/\/www.portalalerta.com.br\/index.php\/wp-json\/wp\/v2\/tags?post=51479"}],"curies":[{"name":"wp","href":"https:\/\/api.w.org\/{rel}","templated":true}]}}