{"id":51490,"date":"2023-10-11T10:55:09","date_gmt":"2023-10-11T13:55:09","guid":{"rendered":"https:\/\/www.portalalerta.com.br\/?p=51490"},"modified":"2023-10-11T10:55:11","modified_gmt":"2023-10-11T13:55:11","slug":"semana-da-maior-festa-de-outubro-todos-os-tempos-em-ribeira-do-pombal-ba","status":"publish","type":"post","link":"https:\/\/www.portalalerta.com.br\/index.php\/2023\/10\/11\/semana-da-maior-festa-de-outubro-todos-os-tempos-em-ribeira-do-pombal-ba\/","title":{"rendered":"Semana da Maior Festa de Outubro Todos os Tempos em Ribeira do Pombal-BA"},"content":{"rendered":"\n<p>Outubro chegou, e com ele, a semana mais esperada do ano em Ribeira do Pombal! A cidade se transforma para celebrar sua maior festa, um evento que mistura alegria, tradi\u00e7\u00e3o e f\u00e9. Os moradores e visitantes se preparam para dias inesquec\u00edveis de divers\u00e3o e celebra\u00e7\u00e3o.<\/p>\n\n\n\n<!--more-->\n\n\n\n<p>O movimento nas ruas da cidade j\u00e1 come\u00e7ou a aumentar, com o com\u00e9rcio atendendo a demanda extra de clientes que a festa atrai. Lojas, supermercados e outros estabelecimentos comerciais est\u00e3o abastecendo seus estoques para garantir que todos possam aproveitar ao m\u00e1ximo os festejos.<\/p>\n\n\n<div class=\"wp-block-image\">\n<figure class=\"alignleft size-full is-resized\"><img fetchpriority=\"high\" decoding=\"async\" src=\"https:\/\/www.portalalerta.com.br\/wp-content\/uploads\/2021\/04\/ELAB.jpg\" alt=\"\" class=\"wp-image-34795\" width=\"425\" height=\"339\" srcset=\"https:\/\/www.portalalerta.com.br\/wp-content\/uploads\/2021\/04\/ELAB.jpg 1000w, https:\/\/www.portalalerta.com.br\/wp-content\/uploads\/2021\/04\/ELAB-300x240.jpg 300w, https:\/\/www.portalalerta.com.br\/wp-content\/uploads\/2021\/04\/ELAB-768x614.jpg 768w, https:\/\/www.portalalerta.com.br\/wp-content\/uploads\/2021\/04\/ELAB-183x146.jpg 183w, https:\/\/www.portalalerta.com.br\/wp-content\/uploads\/2021\/04\/ELAB-50x40.jpg 50w, https:\/\/www.portalalerta.com.br\/wp-content\/uploads\/2021\/04\/ELAB-94x75.jpg 94w\" sizes=\"(max-width: 425px) 100vw, 425px\" \/><\/figure><\/div>\n\n\n<p>As pousadas e hot\u00e9is da cidade j\u00e1 est\u00e3o com reservas esgotadas, e muitos moradores locais est\u00e3o se preparando para receber turistas em suas casas. Bares, restaurantes, lanchonetes e ambulantes tamb\u00e9m est\u00e3o fazendo estoque para faturar mais durante a semana de festa.<\/p>\n\n\n\n<p>Ribeira do Pombal te chama para viver toda essa atmosfera de expectativa e alegria que toma conta da alma do nosso povo. A programa\u00e7\u00e3o religiosa inclui missas, novenas e prociss\u00f5es, que re\u00fanem os fi\u00e9is para celebrar a f\u00e9 e a tradi\u00e7\u00e3o local.<\/p>\n\n\n\n<p>Mas a festa n\u00e3o se limita apenas \u00e0s celebra\u00e7\u00f5es religiosas. A cidade tamb\u00e9m oferece uma programa\u00e7\u00e3o cultural diversificada, com destaque para o boi na pista e os grandes shows no Ferreir\u00e3o, que prometem animar o p\u00fablico at\u00e9 altas horas da madrugada.<\/p>\n\n\n\n<p>Ent\u00e3o, venha ser feliz com a gente! Juntos, vamos fazer da festa deste ano a maior de todos os tempos. Outubro \u00e9 nosso, e Ribeira do Pombal est\u00e1 pronta para receber voc\u00ea de bra\u00e7os abertos.<\/p>\n\n\n\n<p><em>Fonte: SECOM\/ Ribeira do Pombal<\/em><\/p>\n","protected":false},"excerpt":{"rendered":"<p>Outubro chegou, e com ele, a semana mais esperada do ano em Ribeira do Pombal! A cidade se transforma para celebrar sua maior festa, um evento que mistura alegria, tradi\u00e7\u00e3o e f\u00e9. Os moradores e visitantes se preparam para dias inesquec\u00edveis de divers\u00e3o e celebra\u00e7\u00e3o.<\/p>\n","protected":false},"author":2,"featured_media":51491,"comment_status":"open","ping_status":"open","sticky":false,"template":"","format":"standard","meta":{"om_disable_all_campaigns":false,"_monsterinsights_skip_tracking":false,"_monsterinsights_sitenote_active":false,"_monsterinsights_sitenote_note":"","_monsterinsights_sitenote_category":0,"footnotes":""},"categories":[70,36,69,32,3],"tags":[5704,100,71,48,75,4178,4180,129,107,914,4181,132,230,106,203,120,51,109,88,47,111],"class_list":["post-51490","post","type-post","status-publish","format-standard","has-post-thumbnail","hentry","category-destaques","category-lazer","category-noticias2","category-regiao","category-ribeira-do-pombal","tag-5704","tag-adustina","tag-antas","tag-araci","tag-cicero-dantas","tag-cipo-2","tag-crisopolis-2","tag-euclides-da-cunha","tag-fatima","tag-festa-de-outubro","tag-heliopolis-2","tag-itapicuru","tag-jeremoabo","tag-nova-soure","tag-novo-triunfo","tag-olindina","tag-paripiranga","tag-quijingue","tag-ribeira-do-amparo","tag-ribeira-do-pombal","tag-sitio-do-quinto"],"aioseo_notices":[],"_links":{"self":[{"href":"https:\/\/www.portalalerta.com.br\/index.php\/wp-json\/wp\/v2\/posts\/51490","targetHints":{"allow":["GET"]}}],"collection":[{"href":"https:\/\/www.portalalerta.com.br\/index.php\/wp-json\/wp\/v2\/posts"}],"about":[{"href":"https:\/\/www.portalalerta.com.br\/index.php\/wp-json\/wp\/v2\/types\/post"}],"author":[{"embeddable":true,"href":"https:\/\/www.portalalerta.com.br\/index.php\/wp-json\/wp\/v2\/users\/2"}],"replies":[{"embeddable":true,"href":"https:\/\/www.portalalerta.com.br\/index.php\/wp-json\/wp\/v2\/comments?post=51490"}],"version-history":[{"count":1,"href":"https:\/\/www.portalalerta.com.br\/index.php\/wp-json\/wp\/v2\/posts\/51490\/revisions"}],"predecessor-version":[{"id":51492,"href":"https:\/\/www.portalalerta.com.br\/index.php\/wp-json\/wp\/v2\/posts\/51490\/revisions\/51492"}],"wp:featuredmedia":[{"embeddable":true,"href":"https:\/\/www.portalalerta.com.br\/index.php\/wp-json\/wp\/v2\/media\/51491"}],"wp:attachment":[{"href":"https:\/\/www.portalalerta.com.br\/index.php\/wp-json\/wp\/v2\/media?parent=51490"}],"wp:term":[{"taxonomy":"category","embeddable":true,"href":"https:\/\/www.portalalerta.com.br\/index.php\/wp-json\/wp\/v2\/categories?post=51490"},{"taxonomy":"post_tag","embeddable":true,"href":"https:\/\/www.portalalerta.com.br\/index.php\/wp-json\/wp\/v2\/tags?post=51490"}],"curies":[{"name":"wp","href":"https:\/\/api.w.org\/{rel}","templated":true}]}}