{"id":51493,"date":"2023-10-11T11:05:32","date_gmt":"2023-10-11T14:05:32","guid":{"rendered":"https:\/\/www.portalalerta.com.br\/?p=51493"},"modified":"2023-10-11T11:05:34","modified_gmt":"2023-10-11T14:05:34","slug":"apos-ameacar-matar-refens-hamas-diz-estar-aberto-a-negociar-tregua-com-israel","status":"publish","type":"post","link":"https:\/\/www.portalalerta.com.br\/index.php\/2023\/10\/11\/apos-ameacar-matar-refens-hamas-diz-estar-aberto-a-negociar-tregua-com-israel\/","title":{"rendered":"Ap\u00f3s amea\u00e7ar matar ref\u00e9ns, Hamas diz estar aberto a negociar tr\u00e9gua com Israel"},"content":{"rendered":"\n<p>O grupo isl\u00e2mico Hamas, classificado pelos Estados Unidos e Uni\u00e3o Europeia como terrorista, afirmou nesta segunda-feira (9) que est\u00e1 aberto a discutir tr\u00e9gua com Israel, tendo <strong><em>\u201calcan\u00e7ado seus objetivos\u201d<\/em><\/strong>.<\/p>\n\n\n\n<!--more-->\n\n\n\n<p>Moussa Abu Marzouk, integrante de alta patente do Hamas, disse \u00e0 rede de not\u00edcias \u00e1rabe <strong><em>\u201cAl Jazeera\u201d<\/em><\/strong> que o grupo est\u00e1 aberto a <strong><em>\u201calgo desse tipo\u201d<\/em><\/strong> e a <strong><em>\u201ctodos os di\u00e1logos pol\u00edticos\u201d<\/em><\/strong>, ap\u00f3s ter sido questionado se estariam dispostos a discutir um poss\u00edvel cessar-fogo.<\/p>\n\n\n\n<p>A declara\u00e7\u00e3o foi dada depois de o grupo ter advertido que come\u00e7aria a\u00a0executar um ref\u00e9m civil a cada novo bombardeio israelense contra casas de civis em Gaza sem aviso pr\u00e9vio.<\/p>\n\n\n\n<p><strong>Israel retomou controle de \u00e1reas perto de Gaza<\/strong><\/p>\n\n\n\n<p>O porta-voz das For\u00e7as de Defesa de Israel (FDI), o almirante Daniel Hagari, declarou que as tropas israelenses retomaram o controle de todas as comunidades ao redor da Faixa de Gaza. Segundo ele, n\u00e3o h\u00e1 mais combates entre as FDI e o Hamas.<\/p>\n\n\n\n<p>O n\u00famero de mortos aumenta na medida em que os combates se intensificam, chegando a mais de 680 em Gaza, com cerca de 3.700 feridos, segundo o Minist\u00e9rio da Sa\u00fade palestino em Gaza; e mais de 700 mortos em Israel, segundo a FDI.<\/p>\n\n\n\n<p>Na cidade de&nbsp;<a href=\"https:\/\/www.cnnbrasil.com.br\/internacional\/faixa-de-gaza-sofre-dia-mais-mortal-em-15-anos-apos-resposta-de-israel-a-ataques-do-hamas\/\" target=\"_blank\" rel=\"noreferrer noopener\">Gaza<\/a>, um campo de refugiados palestinos foi atingido por ataques a\u00e9reos de Israel nesta segunda-feira.<\/p>\n\n\n\n<p><strong><em>\u201cEles nos atingiram sem qualquer aviso. Era um [avi\u00e3o] F-16. N\u00e3o houve aviso, nada. E voc\u00ea pode ver a destrui\u00e7\u00e3o, veja por si mesmo\u201d<\/em><\/strong>, disse \u00e0 \u201cReuters\u201d um homem n\u00e3o identificado no campo de refugiados de Shati.<\/p>\n\n\n\n<p>Dezenas de milhares de pessoas foram deslocadas em Gaza enquanto a FDI continua a atacar as posi\u00e7\u00f5es do Hamas na faixa, segundo a Ag\u00eancia de Assist\u00eancia e Obras das Na\u00e7\u00f5es Unidas (UNRWA, na sigla em ingl\u00eas) no domingo.<\/p>\n\n\n\n<p>Quase 74 mil pessoas est\u00e3o agora em 64 abrigos da UNRWA, afirma a declara\u00e7\u00e3o da ag\u00eancia.<\/p>\n\n\n\n<p>Fonte: CNN<\/p>\n","protected":false},"excerpt":{"rendered":"<p>O grupo isl\u00e2mico Hamas, classificado pelos Estados Unidos e Uni\u00e3o Europeia como terrorista, afirmou nesta segunda-feira (9) que est\u00e1 aberto a discutir tr\u00e9gua com Israel, tendo \u201calcan\u00e7ado seus objetivos\u201d.<\/p>\n","protected":false},"author":2,"featured_media":51494,"comment_status":"open","ping_status":"open","sticky":false,"template":"","format":"standard","meta":{"om_disable_all_campaigns":false,"_monsterinsights_skip_tracking":false,"_monsterinsights_sitenote_active":false,"_monsterinsights_sitenote_note":"","_monsterinsights_sitenote_category":0,"footnotes":""},"categories":[70,35,69],"tags":[100,71,48,75,4178,4180,129,107,835,2517,4181,858,132,230,339,106,203,120,859,51,109,88,47,111],"class_list":["post-51493","post","type-post","status-publish","format-standard","has-post-thumbnail","hentry","category-destaques","category-mundo","category-noticias2","tag-adustina","tag-antas","tag-araci","tag-cicero-dantas","tag-cipo-2","tag-crisopolis-2","tag-euclides-da-cunha","tag-fatima","tag-guerra","tag-hamas","tag-heliopolis-2","tag-israel","tag-itapicuru","tag-jeremoabo","tag-mundo","tag-nova-soure","tag-novo-triunfo","tag-olindina","tag-palestina","tag-paripiranga","tag-quijingue","tag-ribeira-do-amparo","tag-ribeira-do-pombal","tag-sitio-do-quinto"],"aioseo_notices":[],"_links":{"self":[{"href":"https:\/\/www.portalalerta.com.br\/index.php\/wp-json\/wp\/v2\/posts\/51493","targetHints":{"allow":["GET"]}}],"collection":[{"href":"https:\/\/www.portalalerta.com.br\/index.php\/wp-json\/wp\/v2\/posts"}],"about":[{"href":"https:\/\/www.portalalerta.com.br\/index.php\/wp-json\/wp\/v2\/types\/post"}],"author":[{"embeddable":true,"href":"https:\/\/www.portalalerta.com.br\/index.php\/wp-json\/wp\/v2\/users\/2"}],"replies":[{"embeddable":true,"href":"https:\/\/www.portalalerta.com.br\/index.php\/wp-json\/wp\/v2\/comments?post=51493"}],"version-history":[{"count":1,"href":"https:\/\/www.portalalerta.com.br\/index.php\/wp-json\/wp\/v2\/posts\/51493\/revisions"}],"predecessor-version":[{"id":51495,"href":"https:\/\/www.portalalerta.com.br\/index.php\/wp-json\/wp\/v2\/posts\/51493\/revisions\/51495"}],"wp:featuredmedia":[{"embeddable":true,"href":"https:\/\/www.portalalerta.com.br\/index.php\/wp-json\/wp\/v2\/media\/51494"}],"wp:attachment":[{"href":"https:\/\/www.portalalerta.com.br\/index.php\/wp-json\/wp\/v2\/media?parent=51493"}],"wp:term":[{"taxonomy":"category","embeddable":true,"href":"https:\/\/www.portalalerta.com.br\/index.php\/wp-json\/wp\/v2\/categories?post=51493"},{"taxonomy":"post_tag","embeddable":true,"href":"https:\/\/www.portalalerta.com.br\/index.php\/wp-json\/wp\/v2\/tags?post=51493"}],"curies":[{"name":"wp","href":"https:\/\/api.w.org\/{rel}","templated":true}]}}