{"id":51496,"date":"2023-10-11T11:10:28","date_gmt":"2023-10-11T14:10:28","guid":{"rendered":"https:\/\/www.portalalerta.com.br\/?p=51496"},"modified":"2023-10-11T11:10:30","modified_gmt":"2023-10-11T14:10:30","slug":"policia-militar-apreende-aves-e-prende-suspeitos-de-rinha-de-galo-em-euclides-da-cunha-ba","status":"publish","type":"post","link":"https:\/\/www.portalalerta.com.br\/index.php\/2023\/10\/11\/policia-militar-apreende-aves-e-prende-suspeitos-de-rinha-de-galo-em-euclides-da-cunha-ba\/","title":{"rendered":"Pol\u00edcia Militar apreende aves e prende suspeitos de rinha de galo em Euclides da Cunha-BA"},"content":{"rendered":"\n<p>A Pol\u00edcia Militar apreendeu aves e prendeu suspeitos de rinha de galo em Euclides da Cunha, no interior da Bahia, na manh\u00e3 de domingo (8).<\/p>\n\n\n\n<!--more-->\n\n\n\n<p>De acordo com informa\u00e7\u00f5es da Ascom do 5\u00b0BPM, as guarni\u00e7\u00f5es foram informadas sobre um evento de briga de galo na zona rural do munic\u00edpio. No local, os militares constataram a veracidade da informa\u00e7\u00e3o, encontrando diversas aves e ringues de combates.<\/p>\n\n\n<div class=\"wp-block-image\">\n<figure class=\"alignleft size-full\"><img fetchpriority=\"high\" decoding=\"async\" width=\"400\" height=\"300\" src=\"https:\/\/www.portalalerta.com.br\/wp-content\/uploads\/2023\/01\/Auto-Escola-Sonho.jpg\" alt=\"\" class=\"wp-image-47083\" srcset=\"https:\/\/www.portalalerta.com.br\/wp-content\/uploads\/2023\/01\/Auto-Escola-Sonho.jpg 400w, https:\/\/www.portalalerta.com.br\/wp-content\/uploads\/2023\/01\/Auto-Escola-Sonho-320x240.jpg 320w\" sizes=\"(max-width: 400px) 100vw, 400px\" \/><\/figure><\/div>\n\n\n<p>Diante das circunst\u00e2ncias, foi solicitado apoio de outras viaturas, como tamb\u00e9m da Pol\u00edcia Civil para a condu\u00e7\u00e3o dos participantes da pr\u00e1tica ilegal, juntamente com o propriet\u00e1rio do local.<\/p>\n\n\n\n<p>Os envolvidos foram apresentados na Delegacia de Pol\u00edcia Civil, onde foi registrada a ocorr\u00eancia.<\/p>\n\n\n\n<p>A rinha de galo \u00e9 considerada crime ambiental e de maus-tratos contra animais. As penas previstas s\u00e3o de tr\u00eas a seis meses de deten\u00e7\u00e3o ou multa.<\/p>\n\n\n\n<p><strong>Disque den\u00fancia:<\/strong>&nbsp;(75) 9.9706-9954<\/p>\n\n\n\n<p><strong>PMBA, uma for\u00e7a a servi\u00e7o do cidad\u00e3o!<\/strong><\/p>\n\n\n\n<p><em>Fonte: Portal Euclidense<\/em><\/p>\n","protected":false},"excerpt":{"rendered":"<p>A Pol\u00edcia Militar apreendeu aves e prendeu suspeitos de rinha de galo em Euclides da Cunha, no interior da Bahia, na manh\u00e3 de domingo (8).<\/p>\n","protected":false},"author":2,"featured_media":51497,"comment_status":"open","ping_status":"open","sticky":false,"template":"","format":"standard","meta":{"om_disable_all_campaigns":false,"_monsterinsights_skip_tracking":false,"_monsterinsights_sitenote_active":false,"_monsterinsights_sitenote_note":"","_monsterinsights_sitenote_category":0,"footnotes":""},"categories":[70,17,69,32,22],"tags":[387,100,71,48,75,4178,4180,129,107,4181,132,230,106,203,120,51,79,110,109,88,47,2985,111],"class_list":["post-51496","post","type-post","status-publish","format-standard","has-post-thumbnail","hentry","category-destaques","category-euclides-da-cunha","category-noticias2","category-regiao","category-seguranca","tag-5o-bpm","tag-adustina","tag-antas","tag-araci","tag-cicero-dantas","tag-cipo-2","tag-crisopolis-2","tag-euclides-da-cunha","tag-fatima","tag-heliopolis-2","tag-itapicuru","tag-jeremoabo","tag-nova-soure","tag-novo-triunfo","tag-olindina","tag-paripiranga","tag-policia-militar","tag-presos","tag-quijingue","tag-ribeira-do-amparo","tag-ribeira-do-pombal","tag-rinha-de-galos","tag-sitio-do-quinto"],"aioseo_notices":[],"_links":{"self":[{"href":"https:\/\/www.portalalerta.com.br\/index.php\/wp-json\/wp\/v2\/posts\/51496","targetHints":{"allow":["GET"]}}],"collection":[{"href":"https:\/\/www.portalalerta.com.br\/index.php\/wp-json\/wp\/v2\/posts"}],"about":[{"href":"https:\/\/www.portalalerta.com.br\/index.php\/wp-json\/wp\/v2\/types\/post"}],"author":[{"embeddable":true,"href":"https:\/\/www.portalalerta.com.br\/index.php\/wp-json\/wp\/v2\/users\/2"}],"replies":[{"embeddable":true,"href":"https:\/\/www.portalalerta.com.br\/index.php\/wp-json\/wp\/v2\/comments?post=51496"}],"version-history":[{"count":1,"href":"https:\/\/www.portalalerta.com.br\/index.php\/wp-json\/wp\/v2\/posts\/51496\/revisions"}],"predecessor-version":[{"id":51498,"href":"https:\/\/www.portalalerta.com.br\/index.php\/wp-json\/wp\/v2\/posts\/51496\/revisions\/51498"}],"wp:featuredmedia":[{"embeddable":true,"href":"https:\/\/www.portalalerta.com.br\/index.php\/wp-json\/wp\/v2\/media\/51497"}],"wp:attachment":[{"href":"https:\/\/www.portalalerta.com.br\/index.php\/wp-json\/wp\/v2\/media?parent=51496"}],"wp:term":[{"taxonomy":"category","embeddable":true,"href":"https:\/\/www.portalalerta.com.br\/index.php\/wp-json\/wp\/v2\/categories?post=51496"},{"taxonomy":"post_tag","embeddable":true,"href":"https:\/\/www.portalalerta.com.br\/index.php\/wp-json\/wp\/v2\/tags?post=51496"}],"curies":[{"name":"wp","href":"https:\/\/api.w.org\/{rel}","templated":true}]}}