{"id":51499,"date":"2023-10-11T11:16:03","date_gmt":"2023-10-11T14:16:03","guid":{"rendered":"https:\/\/www.portalalerta.com.br\/?p=51499"},"modified":"2023-10-11T11:16:05","modified_gmt":"2023-10-11T14:16:05","slug":"funeral-de-brasileira-morta-em-ataque-do-hamas-gera-comocao-em-israel","status":"publish","type":"post","link":"https:\/\/www.portalalerta.com.br\/index.php\/2023\/10\/11\/funeral-de-brasileira-morta-em-ataque-do-hamas-gera-comocao-em-israel\/","title":{"rendered":"Funeral de brasileira morta em ataque do Hamas gera como\u00e7\u00e3o em Israel"},"content":{"rendered":"\n<p>O corpo da brasileira Bruna Valeanu, de 24 anos, foi enterrado na tarde desta ter\u00e7a-feira (10), em Israel.<\/p>\n\n\n\n<p>Ela \u00e9 a segunda v\u00edtima brasileira do ataque do grupo radical isl\u00e2mico Hamas.<\/p>\n\n\n\n<!--more-->\n\n\n\n<p>Al\u00e9m de pessoas pr\u00f3ximas, v\u00e1rios israelenses compareceram ao funeral, mesmo sem conhecer a jovem, em uma demonstra\u00e7\u00e3o de solidariedade. O embaixador brasileiro em Israel, Frederico Meyer, tamb\u00e9m esteve presente.<\/p>\n\n\n<div class=\"wp-block-image\">\n<figure class=\"alignleft size-large is-resized\"><img fetchpriority=\"high\" decoding=\"async\" src=\"https:\/\/www.portalalerta.com.br\/wp-content\/uploads\/2023\/10\/Real-Aniversario-2023-1024x1024.jpg\" alt=\"\" class=\"wp-image-51409\" width=\"364\" height=\"364\" srcset=\"https:\/\/www.portalalerta.com.br\/wp-content\/uploads\/2023\/10\/Real-Aniversario-2023-1024x1024.jpg 1024w, https:\/\/www.portalalerta.com.br\/wp-content\/uploads\/2023\/10\/Real-Aniversario-2023-240x240.jpg 240w, https:\/\/www.portalalerta.com.br\/wp-content\/uploads\/2023\/10\/Real-Aniversario-2023-768x768.jpg 768w, https:\/\/www.portalalerta.com.br\/wp-content\/uploads\/2023\/10\/Real-Aniversario-2023-1536x1536.jpg 1536w, https:\/\/www.portalalerta.com.br\/wp-content\/uploads\/2023\/10\/Real-Aniversario-2023.jpg 1600w\" sizes=\"(max-width: 364px) 100vw, 364px\" \/><\/figure><\/div>\n\n\n<p>Bruna e a fam\u00edlia s\u00e3o do Rio de Janeiro. A jovem tinha dupla nacionalidade, era brasileira-israelense. Ela participava do festival de m\u00fasica eletr\u00f4nica que foi interrompida pelo grupo radical.<\/p>\n\n\n\n<p>O ex-conselheiro de M\u00eddia Internacional da presid\u00eancia de Israel Eylon Levy divulgou em suas redes sociais uma foto com v\u00e1rios carros enfileirados no trajeto at\u00e9 o cemit\u00e9rio.<\/p>\n\n\n\n<p><strong><em>\u201cA caminho do funeral de uma jovem brasileira assassinada no festival de musical. Foi enviada uma mensagem pedindo que estranhos comparecessem porque ela quase n\u00e3o tem fam\u00edlia aqui. H\u00e1 uma fila de 2 quil\u00f4metros saindo da entrada do cemit\u00e9rio\u201d,<\/em><\/strong> disse em publica\u00e7\u00e3o escrita em ingl\u00eas.<\/p>\n\n\n\n<p>O funeral aconteceu \u00e0s 21h30 desta ter\u00e7a-feira \u2014 15h30, no hor\u00e1rio de Bras\u00edlia \u2014, no Yarkon Cemetery, em Petah Tikva.<\/p>\n\n\n\n<p><em>Fonte: CNN<\/em><\/p>\n","protected":false},"excerpt":{"rendered":"<p>O corpo da brasileira Bruna Valeanu, de 24 anos, foi enterrado na tarde desta ter\u00e7a-feira (10), em Israel. Ela \u00e9 a segunda v\u00edtima brasileira do ataque do grupo radical isl\u00e2mico Hamas.<\/p>\n","protected":false},"author":2,"featured_media":51500,"comment_status":"open","ping_status":"open","sticky":false,"template":"","format":"standard","meta":{"om_disable_all_campaigns":false,"_monsterinsights_skip_tracking":false,"_monsterinsights_sitenote_active":false,"_monsterinsights_sitenote_note":"","_monsterinsights_sitenote_category":0,"footnotes":""},"categories":[34,70,35,69],"tags":[100,71,48,93,1022,75,4178,4180,129,107,835,4181,858,132,230,169,339,106,203,120,51,109,88,47,771,111],"class_list":["post-51499","post","type-post","status-publish","format-standard","has-post-thumbnail","hentry","category-brasil","category-destaques","category-mundo","category-noticias2","tag-adustina","tag-antas","tag-araci","tag-brasil","tag-brasileira","tag-cicero-dantas","tag-cipo-2","tag-crisopolis-2","tag-euclides-da-cunha","tag-fatima","tag-guerra","tag-heliopolis-2","tag-israel","tag-itapicuru","tag-jeremoabo","tag-morte","tag-mundo","tag-nova-soure","tag-novo-triunfo","tag-olindina","tag-paripiranga","tag-quijingue","tag-ribeira-do-amparo","tag-ribeira-do-pombal","tag-sepultamento","tag-sitio-do-quinto"],"aioseo_notices":[],"_links":{"self":[{"href":"https:\/\/www.portalalerta.com.br\/index.php\/wp-json\/wp\/v2\/posts\/51499","targetHints":{"allow":["GET"]}}],"collection":[{"href":"https:\/\/www.portalalerta.com.br\/index.php\/wp-json\/wp\/v2\/posts"}],"about":[{"href":"https:\/\/www.portalalerta.com.br\/index.php\/wp-json\/wp\/v2\/types\/post"}],"author":[{"embeddable":true,"href":"https:\/\/www.portalalerta.com.br\/index.php\/wp-json\/wp\/v2\/users\/2"}],"replies":[{"embeddable":true,"href":"https:\/\/www.portalalerta.com.br\/index.php\/wp-json\/wp\/v2\/comments?post=51499"}],"version-history":[{"count":1,"href":"https:\/\/www.portalalerta.com.br\/index.php\/wp-json\/wp\/v2\/posts\/51499\/revisions"}],"predecessor-version":[{"id":51501,"href":"https:\/\/www.portalalerta.com.br\/index.php\/wp-json\/wp\/v2\/posts\/51499\/revisions\/51501"}],"wp:featuredmedia":[{"embeddable":true,"href":"https:\/\/www.portalalerta.com.br\/index.php\/wp-json\/wp\/v2\/media\/51500"}],"wp:attachment":[{"href":"https:\/\/www.portalalerta.com.br\/index.php\/wp-json\/wp\/v2\/media?parent=51499"}],"wp:term":[{"taxonomy":"category","embeddable":true,"href":"https:\/\/www.portalalerta.com.br\/index.php\/wp-json\/wp\/v2\/categories?post=51499"},{"taxonomy":"post_tag","embeddable":true,"href":"https:\/\/www.portalalerta.com.br\/index.php\/wp-json\/wp\/v2\/tags?post=51499"}],"curies":[{"name":"wp","href":"https:\/\/api.w.org\/{rel}","templated":true}]}}