{"id":51552,"date":"2023-10-16T14:44:41","date_gmt":"2023-10-16T17:44:41","guid":{"rendered":"https:\/\/www.portalalerta.com.br\/?p=51552"},"modified":"2023-10-16T14:44:43","modified_gmt":"2023-10-16T17:44:43","slug":"menor-e-apreendido-e-confessa-furto-a-creche-municipal-em-araci-ba-objetos-foram-recuperados","status":"publish","type":"post","link":"https:\/\/www.portalalerta.com.br\/index.php\/2023\/10\/16\/menor-e-apreendido-e-confessa-furto-a-creche-municipal-em-araci-ba-objetos-foram-recuperados\/","title":{"rendered":"Menor \u00e9 apreendido e confessa furto \u00e0 creche municipal em Araci-BA. objetos foram recuperados!"},"content":{"rendered":"\n<p>A Pol\u00edcia Militar apreendeu na \u00faltima quarta-feira (11\/10) um menor acusado de furtar v\u00e1rios objetos na Creche Marcionilia Santina da Silva, em Araci-BA.<\/p>\n\n\n\n<!--more-->\n\n\n\n<p>O menor confessou ter sido o autor do ato infracional que ocorreu no dia 10\/10. De acordo com a Pol\u00edcia Civil, durante interrogat\u00f3rio, ele disse que teve acesso a \u00e1rea externa do local pela frente, quando j\u00e1 tinha encerrado as atividades, entrando para o interior, por uma janela que estava apenas enrolada de arame nos puxadores, A partir de ent\u00e3o arrombou as portas das salas e subtraiu dois monitores de computador, dois teclados e dois mouses, em seguida esperou escurecer e enterrou os objetos.<\/p>\n\n\n\n<p>Questionado sobre a siglas de uma fac\u00e7\u00e3o escritas na mesa da creche, ele disse que colocou porque deu vontade, mas que n\u00e3o pertence a nenhuma fac\u00e7\u00e3o. Os objetos foram recuperados.<\/p>\n\n\n\n<p>Ap\u00f3s ser ouvido, o menor foi liberado em companhia de sua m\u00e3e. O caso j\u00e1 foi informado ao Minist\u00e9rio P\u00fablico que prometeu dar celeridade junto \u00e0 Pol\u00edcia Civil.<\/p>\n\n\n\n<p><em>Fonte: A Voz do Campo<\/em><\/p>\n","protected":false},"excerpt":{"rendered":"<p>A Pol\u00edcia Militar apreendeu na \u00faltima quarta-feira (11\/10) um menor acusado de furtar v\u00e1rios objetos na Creche Marcionilia Santina da Silva, em Araci-BA.<\/p>\n","protected":false},"author":2,"featured_media":51553,"comment_status":"open","ping_status":"open","sticky":false,"template":"","format":"standard","meta":{"om_disable_all_campaigns":false,"_monsterinsights_skip_tracking":false,"_monsterinsights_sitenote_active":false,"_monsterinsights_sitenote_note":"","_monsterinsights_sitenote_category":0,"footnotes":""},"categories":[41,70,69,32,22],"tags":[100,71,143,48,75,4178,956,4180,129,107,85,4181,132,230,3390,106,203,120,51,109,88,47,111],"class_list":["post-51552","post","type-post","status-publish","format-standard","has-post-thumbnail","hentry","category-araci","category-destaques","category-noticias2","category-regiao","category-seguranca","tag-adustina","tag-antas","tag-apreensao","tag-araci","tag-cicero-dantas","tag-cipo-2","tag-creche","tag-crisopolis-2","tag-euclides-da-cunha","tag-fatima","tag-furto","tag-heliopolis-2","tag-itapicuru","tag-jeremoabo","tag-menor-de-idade","tag-nova-soure","tag-novo-triunfo","tag-olindina","tag-paripiranga","tag-quijingue","tag-ribeira-do-amparo","tag-ribeira-do-pombal","tag-sitio-do-quinto"],"aioseo_notices":[],"_links":{"self":[{"href":"https:\/\/www.portalalerta.com.br\/index.php\/wp-json\/wp\/v2\/posts\/51552","targetHints":{"allow":["GET"]}}],"collection":[{"href":"https:\/\/www.portalalerta.com.br\/index.php\/wp-json\/wp\/v2\/posts"}],"about":[{"href":"https:\/\/www.portalalerta.com.br\/index.php\/wp-json\/wp\/v2\/types\/post"}],"author":[{"embeddable":true,"href":"https:\/\/www.portalalerta.com.br\/index.php\/wp-json\/wp\/v2\/users\/2"}],"replies":[{"embeddable":true,"href":"https:\/\/www.portalalerta.com.br\/index.php\/wp-json\/wp\/v2\/comments?post=51552"}],"version-history":[{"count":1,"href":"https:\/\/www.portalalerta.com.br\/index.php\/wp-json\/wp\/v2\/posts\/51552\/revisions"}],"predecessor-version":[{"id":51554,"href":"https:\/\/www.portalalerta.com.br\/index.php\/wp-json\/wp\/v2\/posts\/51552\/revisions\/51554"}],"wp:featuredmedia":[{"embeddable":true,"href":"https:\/\/www.portalalerta.com.br\/index.php\/wp-json\/wp\/v2\/media\/51553"}],"wp:attachment":[{"href":"https:\/\/www.portalalerta.com.br\/index.php\/wp-json\/wp\/v2\/media?parent=51552"}],"wp:term":[{"taxonomy":"category","embeddable":true,"href":"https:\/\/www.portalalerta.com.br\/index.php\/wp-json\/wp\/v2\/categories?post=51552"},{"taxonomy":"post_tag","embeddable":true,"href":"https:\/\/www.portalalerta.com.br\/index.php\/wp-json\/wp\/v2\/tags?post=51552"}],"curies":[{"name":"wp","href":"https:\/\/api.w.org\/{rel}","templated":true}]}}