{"id":51561,"date":"2023-10-16T15:10:49","date_gmt":"2023-10-16T18:10:49","guid":{"rendered":"https:\/\/www.portalalerta.com.br\/?p=51561"},"modified":"2023-10-16T15:10:52","modified_gmt":"2023-10-16T18:10:52","slug":"educacao-de-jeremoabo-ba-abre-processo-seletivo-interno-para-diretor-e-vice-diretor-escolar","status":"publish","type":"post","link":"https:\/\/www.portalalerta.com.br\/index.php\/2023\/10\/16\/educacao-de-jeremoabo-ba-abre-processo-seletivo-interno-para-diretor-e-vice-diretor-escolar\/","title":{"rendered":"Educa\u00e7\u00e3o de Jeremoabo-BA abre processo seletivo interno para Diretor e Vice-Diretor Escolar"},"content":{"rendered":"\n<p>O Prefeito do munic\u00edpio de Jeremoabo-BA, Derisvaldo Jos\u00e9 dos Santos, juntamente com Comiss\u00e3o de Organiza\u00e7\u00e3o e Acompanhamento, em parceria com a Secretaria Municipal de Educa\u00e7\u00e3o, com a Procuradoria Municipal e com a Controladoria Interna, emitiu o EDITAL SEMED N.\u00ba 001 de 10 de outubro de 2023, que abre Processo Seletivo Interno para provimento e nomea\u00e7\u00e3o na Fun\u00e7\u00e3o Gratificada de Diretor(a) e Vice-Diretor(a) Escolar das institui\u00e7\u00f5es de ensino mantidas pela Rede P\u00fablica Municipal de Jeremoabo \u2013 Bahia.<\/p>\n\n\n\n<!--more-->\n\n\n\n<p>A inscri\u00e7\u00e3o ser\u00e1 individual, atrav\u00e9s de formul\u00e1rio online (ANEXO I-A) disposto no Edital e acontece de amanh\u00e3, 17.10 \u00e0s 08h do dia 20\/10, exatamente como est\u00e1 no Edital.<\/p>\n\n\n\n<p>Os crit\u00e9rios de m\u00e9rito para nomea\u00e7\u00e3o das fun\u00e7\u00f5es de Diretor(a) e de Vice-Diretor(a) de escola decorrem do art. 37 da Lei Municipal n. 419\/11, a) ser efetivo no quadro do magist\u00e9rio municipal; b) possuir experi\u00eancia m\u00ednima de tr\u00eas anos efetivos em qualquer escola da rede municipal; c) Possuir forma\u00e7\u00e3o superior em curso de licenciatura em pedagogia ou em n\u00edvel de p\u00f3s-gradua\u00e7\u00e3o na \u00e1rea de educa\u00e7\u00e3o.<\/p>\n\n\n<div class=\"wp-block-image\">\n<figure class=\"alignleft size-large is-resized\"><img fetchpriority=\"high\" decoding=\"async\" src=\"https:\/\/www.portalalerta.com.br\/wp-content\/uploads\/2023\/10\/Real-Aniversario-2023-1024x1024.jpg\" alt=\"\" class=\"wp-image-51409\" width=\"342\" height=\"342\" srcset=\"https:\/\/www.portalalerta.com.br\/wp-content\/uploads\/2023\/10\/Real-Aniversario-2023-1024x1024.jpg 1024w, https:\/\/www.portalalerta.com.br\/wp-content\/uploads\/2023\/10\/Real-Aniversario-2023-240x240.jpg 240w, https:\/\/www.portalalerta.com.br\/wp-content\/uploads\/2023\/10\/Real-Aniversario-2023-768x768.jpg 768w, https:\/\/www.portalalerta.com.br\/wp-content\/uploads\/2023\/10\/Real-Aniversario-2023-1536x1536.jpg 1536w, https:\/\/www.portalalerta.com.br\/wp-content\/uploads\/2023\/10\/Real-Aniversario-2023.jpg 1600w\" sizes=\"(max-width: 342px) 100vw, 342px\" \/><\/figure><\/div>\n\n\n<p>Segundo o Edital, para assumir a fun\u00e7\u00e3o gratificada de Diretor (a) ou Vice-diretor escolar, al\u00e9m dos requisitos citados, \u00e9 necess\u00e1rio: a) especializa\u00e7\u00e3o (lato sensu) em Gest\u00e3o Escolar\/Gest\u00e3o Educacional (cong\u00eaneres); b) estar no exerc\u00edcio de atividades na Rede Municipal de Ensino; c) n\u00e3o ter sofrido, san\u00e7\u00e3o administrativa, nos \u00faltimos 3 (tr\u00eas) anos, comprovada por declara\u00e7\u00e3o do setor competente; d) n\u00e3o ter 5 cinco faltas injustificadas, nos dois \u00faltimos anos, comprovada por declara\u00e7\u00e3o do setor competente; e) apresentar o Plano de Gest\u00e3o Escolar \u2013 PGE e, no prazo estabelecido, apresentar Certificado de curso extens\u00e3o em gest\u00e3o escolar ofertado pelo munic\u00edpio.<\/p>\n\n\n\n<p>O Processo ser\u00e1 efetuado em quatro etapas: I \u2013 Inscri\u00e7\u00e3o e, se deferida, realizar o curso de extens\u00e3o em Gest\u00e3o Escolar a ser ofertado pelo munic\u00edpio; II \u2013 Obter certifica\u00e7\u00e3o m\u00ednima de 60% de aproveitamento e frequ\u00eancia m\u00ednima de 75% para seguir para a Etapa II; Etapa II &#8211; Prova Escrita de car\u00e1ter eliminat\u00f3rio e classificat\u00f3rio, no dia 06.01.24; Etapa III \u2013 submiss\u00e3o do Plano de Gest\u00e3o Escolar \u00e0 banca examinadora designada pela Comiss\u00e3o de Organiza\u00e7\u00e3o e Acompanhamento, no dia 19.01.24;&nbsp;&nbsp;; Etapa IV&nbsp;&nbsp;&#8211; Prova de t\u00edtulos, de car\u00e1ter classificat\u00f3rio.<\/p>\n\n\n\n<p>O prazo de divulga\u00e7\u00e3o final, segundo o Edital, \u00e9 dia 02.02.2024.<\/p>\n\n\n\n<p><a href=\"https:\/\/www.jeremoabo.com.br\/envios\/2023\/10\/15\/05a178603fdf6b4eaa61dc414a8eacc3.pdf\"><strong>CLIQUE AQUI PARA LER O EDITAL COMPLETO<\/strong><\/a><\/p>\n\n\n\n<p><em>Fonte: Jeremoabo.com<\/em><em><\/em><\/p>\n\n\n\n<p>.<\/p>\n","protected":false},"excerpt":{"rendered":"<p>O Prefeito do munic\u00edpio de Jeremoabo-BA, Derisvaldo Jos\u00e9 dos Santos, juntamente com Comiss\u00e3o de Organiza\u00e7\u00e3o e Acompanhamento, em parceria com a Secretaria Municipal de Educa\u00e7\u00e3o, com a Procuradoria Municipal e com a Controladoria Interna, emitiu o EDITAL SEMED N.\u00ba 001 de 10 de outubro de 2023, que abre Processo Seletivo Interno para provimento e nomea\u00e7\u00e3o &hellip;<\/p>\n","protected":false},"author":2,"featured_media":51562,"comment_status":"open","ping_status":"open","sticky":false,"template":"","format":"standard","meta":{"om_disable_all_campaigns":false,"_monsterinsights_skip_tracking":false,"_monsterinsights_sitenote_active":false,"_monsterinsights_sitenote_note":"","_monsterinsights_sitenote_category":0,"footnotes":""},"categories":[70,20,9,69,32],"tags":[100,71,48,75,4178,4180,6099,140,129,107,4181,132,230,106,203,120,51,511,109,88,47,111,6366],"class_list":["post-51561","post","type-post","status-publish","format-standard","has-post-thumbnail","hentry","category-destaques","category-educacao","category-jeremoabo","category-noticias2","category-regiao","tag-adustina","tag-antas","tag-araci","tag-cicero-dantas","tag-cipo-2","tag-crisopolis-2","tag-diretores","tag-educacao","tag-euclides-da-cunha","tag-fatima","tag-heliopolis-2","tag-itapicuru","tag-jeremoabo","tag-nova-soure","tag-novo-triunfo","tag-olindina","tag-paripiranga","tag-processo-seletivo","tag-quijingue","tag-ribeira-do-amparo","tag-ribeira-do-pombal","tag-sitio-do-quinto","tag-vice-diretores"],"aioseo_notices":[],"_links":{"self":[{"href":"https:\/\/www.portalalerta.com.br\/index.php\/wp-json\/wp\/v2\/posts\/51561","targetHints":{"allow":["GET"]}}],"collection":[{"href":"https:\/\/www.portalalerta.com.br\/index.php\/wp-json\/wp\/v2\/posts"}],"about":[{"href":"https:\/\/www.portalalerta.com.br\/index.php\/wp-json\/wp\/v2\/types\/post"}],"author":[{"embeddable":true,"href":"https:\/\/www.portalalerta.com.br\/index.php\/wp-json\/wp\/v2\/users\/2"}],"replies":[{"embeddable":true,"href":"https:\/\/www.portalalerta.com.br\/index.php\/wp-json\/wp\/v2\/comments?post=51561"}],"version-history":[{"count":1,"href":"https:\/\/www.portalalerta.com.br\/index.php\/wp-json\/wp\/v2\/posts\/51561\/revisions"}],"predecessor-version":[{"id":51563,"href":"https:\/\/www.portalalerta.com.br\/index.php\/wp-json\/wp\/v2\/posts\/51561\/revisions\/51563"}],"wp:featuredmedia":[{"embeddable":true,"href":"https:\/\/www.portalalerta.com.br\/index.php\/wp-json\/wp\/v2\/media\/51562"}],"wp:attachment":[{"href":"https:\/\/www.portalalerta.com.br\/index.php\/wp-json\/wp\/v2\/media?parent=51561"}],"wp:term":[{"taxonomy":"category","embeddable":true,"href":"https:\/\/www.portalalerta.com.br\/index.php\/wp-json\/wp\/v2\/categories?post=51561"},{"taxonomy":"post_tag","embeddable":true,"href":"https:\/\/www.portalalerta.com.br\/index.php\/wp-json\/wp\/v2\/tags?post=51561"}],"curies":[{"name":"wp","href":"https:\/\/api.w.org\/{rel}","templated":true}]}}