{"id":51564,"date":"2023-10-16T15:18:43","date_gmt":"2023-10-16T18:18:43","guid":{"rendered":"https:\/\/www.portalalerta.com.br\/?p=51564"},"modified":"2023-10-16T15:18:44","modified_gmt":"2023-10-16T18:18:44","slug":"passageiro-de-onibus-e-preso-em-ribeira-do-pombal-ba-em-cumprimento-a-mandado-de-prisao","status":"publish","type":"post","link":"https:\/\/www.portalalerta.com.br\/index.php\/2023\/10\/16\/passageiro-de-onibus-e-preso-em-ribeira-do-pombal-ba-em-cumprimento-a-mandado-de-prisao\/","title":{"rendered":"Passageiro de \u00f4nibus \u00e9 preso em Ribeira do Pombal-BA, em cumprimento a mandado de pris\u00e3o"},"content":{"rendered":"\n<p>Por volta das 21h50min, da \u00faltima sexta (13), uma equipe da PRF estava realizando fiscaliza\u00e7\u00e3o no km 170.0 da BR 110, no munic\u00edpio de Ribeira do Pombal-BA, quando deu ordem de parada a um \u00f4nibus de viagem. Durante a consulta dos documentos dos passageiros, os policiais constataram que um dos ocupantes possu\u00eda um mandado de pris\u00e3o em aberto em seu desfavor.<\/p>\n\n\n\n<!--more-->\n\n\n\n<p>A equipe da PRF prontamente informou ao cidad\u00e3o sobre a situa\u00e7\u00e3o do mandado de pris\u00e3o e o conduziu para a delegacia da Pol\u00edcia Civil da cidade para os procedimentos legais cab\u00edveis.<\/p>\n\n\n\n<p><em>Fonte: Gov.br<\/em><\/p>\n","protected":false},"excerpt":{"rendered":"<p>Por volta das 21h50min, da \u00faltima sexta (13), uma equipe da PRF estava realizando fiscaliza\u00e7\u00e3o no km 170.0 da BR 110, no munic\u00edpio de Ribeira do Pombal-BA, quando deu ordem de parada a um \u00f4nibus de viagem. Durante a consulta dos documentos dos passageiros, os policiais constataram que um dos ocupantes possu\u00eda um mandado de &hellip;<\/p>\n","protected":false},"author":2,"featured_media":51565,"comment_status":"open","ping_status":"open","sticky":false,"template":"","format":"standard","meta":{"om_disable_all_campaigns":false,"_monsterinsights_skip_tracking":false,"_monsterinsights_sitenote_active":false,"_monsterinsights_sitenote_note":"","_monsterinsights_sitenote_category":0,"footnotes":""},"categories":[70,69,32,3,22],"tags":[100,71,48,75,4178,4180,129,107,4181,132,230,488,106,203,120,51,77,149,109,88,47,111],"class_list":["post-51564","post","type-post","status-publish","format-standard","has-post-thumbnail","hentry","category-destaques","category-noticias2","category-regiao","category-ribeira-do-pombal","category-seguranca","tag-adustina","tag-antas","tag-araci","tag-cicero-dantas","tag-cipo-2","tag-crisopolis-2","tag-euclides-da-cunha","tag-fatima","tag-heliopolis-2","tag-itapicuru","tag-jeremoabo","tag-mandado-de-prisao","tag-nova-soure","tag-novo-triunfo","tag-olindina","tag-paripiranga","tag-preso","tag-prf","tag-quijingue","tag-ribeira-do-amparo","tag-ribeira-do-pombal","tag-sitio-do-quinto"],"aioseo_notices":[],"_links":{"self":[{"href":"https:\/\/www.portalalerta.com.br\/index.php\/wp-json\/wp\/v2\/posts\/51564","targetHints":{"allow":["GET"]}}],"collection":[{"href":"https:\/\/www.portalalerta.com.br\/index.php\/wp-json\/wp\/v2\/posts"}],"about":[{"href":"https:\/\/www.portalalerta.com.br\/index.php\/wp-json\/wp\/v2\/types\/post"}],"author":[{"embeddable":true,"href":"https:\/\/www.portalalerta.com.br\/index.php\/wp-json\/wp\/v2\/users\/2"}],"replies":[{"embeddable":true,"href":"https:\/\/www.portalalerta.com.br\/index.php\/wp-json\/wp\/v2\/comments?post=51564"}],"version-history":[{"count":1,"href":"https:\/\/www.portalalerta.com.br\/index.php\/wp-json\/wp\/v2\/posts\/51564\/revisions"}],"predecessor-version":[{"id":51566,"href":"https:\/\/www.portalalerta.com.br\/index.php\/wp-json\/wp\/v2\/posts\/51564\/revisions\/51566"}],"wp:featuredmedia":[{"embeddable":true,"href":"https:\/\/www.portalalerta.com.br\/index.php\/wp-json\/wp\/v2\/media\/51565"}],"wp:attachment":[{"href":"https:\/\/www.portalalerta.com.br\/index.php\/wp-json\/wp\/v2\/media?parent=51564"}],"wp:term":[{"taxonomy":"category","embeddable":true,"href":"https:\/\/www.portalalerta.com.br\/index.php\/wp-json\/wp\/v2\/categories?post=51564"},{"taxonomy":"post_tag","embeddable":true,"href":"https:\/\/www.portalalerta.com.br\/index.php\/wp-json\/wp\/v2\/tags?post=51564"}],"curies":[{"name":"wp","href":"https:\/\/api.w.org\/{rel}","templated":true}]}}