{"id":51567,"date":"2023-10-16T18:53:39","date_gmt":"2023-10-16T21:53:39","guid":{"rendered":"https:\/\/www.portalalerta.com.br\/?p=51567"},"modified":"2023-10-16T18:53:41","modified_gmt":"2023-10-16T21:53:41","slug":"termina-hoje-prazo-para-estados-e-municipios-aderirem-ao-pronasci-2","status":"publish","type":"post","link":"https:\/\/www.portalalerta.com.br\/index.php\/2023\/10\/16\/termina-hoje-prazo-para-estados-e-municipios-aderirem-ao-pronasci-2\/","title":{"rendered":"Termina hoje prazo para estados e munic\u00edpios aderirem ao Pronasci 2"},"content":{"rendered":"\n<p>Termina nesta segunda-feira (16) o prazo para estados e munic\u00edpios aderirem ao Programa Nacional de Seguran\u00e7a P\u00fablica com Cidadania (Pronasci 2). O termo de ades\u00e3o prev\u00ea coopera\u00e7\u00e3o entre a Uni\u00e3o e entes federados em a\u00e7\u00f5es cujos recursos prov\u00eam do Fundo Nacional de Seguran\u00e7a P\u00fablica, do Fundo Penitenci\u00e1rio Nacional e do Fundo Nacional Antidrogas.<\/p>\n\n\n\n<!--more-->\n\n\n<div class=\"wp-block-image\">\n<figure class=\"alignleft size-full is-resized\"><img fetchpriority=\"high\" decoding=\"async\" src=\"https:\/\/www.portalalerta.com.br\/wp-content\/uploads\/2021\/04\/ELAB.jpg\" alt=\"\" class=\"wp-image-34795\" width=\"440\" height=\"351\" srcset=\"https:\/\/www.portalalerta.com.br\/wp-content\/uploads\/2021\/04\/ELAB.jpg 1000w, https:\/\/www.portalalerta.com.br\/wp-content\/uploads\/2021\/04\/ELAB-300x240.jpg 300w, https:\/\/www.portalalerta.com.br\/wp-content\/uploads\/2021\/04\/ELAB-768x614.jpg 768w, https:\/\/www.portalalerta.com.br\/wp-content\/uploads\/2021\/04\/ELAB-183x146.jpg 183w, https:\/\/www.portalalerta.com.br\/wp-content\/uploads\/2021\/04\/ELAB-50x40.jpg 50w, https:\/\/www.portalalerta.com.br\/wp-content\/uploads\/2021\/04\/ELAB-94x75.jpg 94w\" sizes=\"(max-width: 440px) 100vw, 440px\" \/><\/figure><\/div>\n\n\n<p>Um dos projetos do Pronasci 2 \u00e9 o bolsa-forma\u00e7\u00e3o, que visa \u00e0 qualifica\u00e7\u00e3o profissional de integrantes das pol\u00edcias militar, civil e penal, do corpo de bombeiros militar, dos \u00f3rg\u00e3os oficiais de per\u00edcia criminal e das guardas municipais. Ao todo, ser\u00e3o disponibilizadas 100 mil bolsas-forma\u00e7\u00e3o em todo o pa\u00eds.<\/p>\n\n\n\n<p>A estrat\u00e9gia prev\u00ea o pagamento de bolsas, no valor mensal de R$ 900, durante o curso, em a\u00e7\u00f5es estrat\u00e9gicas de ensino que visam a aprimorar o Estado Democr\u00e1tico de Direito, o fortalecimento do Sistema \u00danico de Seguran\u00e7a P\u00fablica (Susp) e a defesa dos direitos e garantias fundamentais, sobretudo, \u00e0queles relativos \u00e0 prote\u00e7\u00e3o de minorias e grupos vulner\u00e1veis.<\/p>\n\n\n\n<p><strong>Pronasci 2<\/strong><\/p>\n\n\n\n<p>O Pronasci 2 destina-se a articular a\u00e7\u00f5es de seguran\u00e7a p\u00fablica para a preven\u00e7\u00e3o, o controle e a repress\u00e3o da criminalidade, estabelecendo pol\u00edticas sociais e a\u00e7\u00f5es de prote\u00e7\u00e3o \u00e0s v\u00edtimas. Alguns dos eixos priorit\u00e1rios incluem o enfrentamento e a preven\u00e7\u00e3o da viol\u00eancia contra mulheres; o combate ao racismo estrutural e pol\u00edticas p\u00fablicas de seguran\u00e7a, com foco em territ\u00f3rios vulner\u00e1veis e com altos indicadores de viol\u00eancia.<\/p>\n\n\n\n<p><em>Fonte: Portal Euclidense<\/em><\/p>\n","protected":false},"excerpt":{"rendered":"<p>Termina nesta segunda-feira (16) o prazo para estados e munic\u00edpios aderirem ao Programa Nacional de Seguran\u00e7a P\u00fablica com Cidadania (Pronasci 2). O termo de ades\u00e3o prev\u00ea coopera\u00e7\u00e3o entre a Uni\u00e3o e entes federados em a\u00e7\u00f5es cujos recursos prov\u00eam do Fundo Nacional de Seguran\u00e7a P\u00fablica, do Fundo Penitenci\u00e1rio Nacional e do Fundo Nacional Antidrogas.<\/p>\n","protected":false},"author":2,"featured_media":51568,"comment_status":"open","ping_status":"open","sticky":false,"template":"","format":"standard","meta":{"om_disable_all_campaigns":false,"_monsterinsights_skip_tracking":false,"_monsterinsights_sitenote_active":false,"_monsterinsights_sitenote_note":"","_monsterinsights_sitenote_category":0,"footnotes":""},"categories":[34,70,69,22],"tags":[100,71,48,93,75,4178,4180,129,107,4181,132,230,106,203,120,51,6367,109,88,47,397,111],"class_list":["post-51567","post","type-post","status-publish","format-standard","has-post-thumbnail","hentry","category-brasil","category-destaques","category-noticias2","category-seguranca","tag-adustina","tag-antas","tag-araci","tag-brasil","tag-cicero-dantas","tag-cipo-2","tag-crisopolis-2","tag-euclides-da-cunha","tag-fatima","tag-heliopolis-2","tag-itapicuru","tag-jeremoabo","tag-nova-soure","tag-novo-triunfo","tag-olindina","tag-paripiranga","tag-pronasci","tag-quijingue","tag-ribeira-do-amparo","tag-ribeira-do-pombal","tag-seguranca","tag-sitio-do-quinto"],"aioseo_notices":[],"_links":{"self":[{"href":"https:\/\/www.portalalerta.com.br\/index.php\/wp-json\/wp\/v2\/posts\/51567","targetHints":{"allow":["GET"]}}],"collection":[{"href":"https:\/\/www.portalalerta.com.br\/index.php\/wp-json\/wp\/v2\/posts"}],"about":[{"href":"https:\/\/www.portalalerta.com.br\/index.php\/wp-json\/wp\/v2\/types\/post"}],"author":[{"embeddable":true,"href":"https:\/\/www.portalalerta.com.br\/index.php\/wp-json\/wp\/v2\/users\/2"}],"replies":[{"embeddable":true,"href":"https:\/\/www.portalalerta.com.br\/index.php\/wp-json\/wp\/v2\/comments?post=51567"}],"version-history":[{"count":1,"href":"https:\/\/www.portalalerta.com.br\/index.php\/wp-json\/wp\/v2\/posts\/51567\/revisions"}],"predecessor-version":[{"id":51569,"href":"https:\/\/www.portalalerta.com.br\/index.php\/wp-json\/wp\/v2\/posts\/51567\/revisions\/51569"}],"wp:featuredmedia":[{"embeddable":true,"href":"https:\/\/www.portalalerta.com.br\/index.php\/wp-json\/wp\/v2\/media\/51568"}],"wp:attachment":[{"href":"https:\/\/www.portalalerta.com.br\/index.php\/wp-json\/wp\/v2\/media?parent=51567"}],"wp:term":[{"taxonomy":"category","embeddable":true,"href":"https:\/\/www.portalalerta.com.br\/index.php\/wp-json\/wp\/v2\/categories?post=51567"},{"taxonomy":"post_tag","embeddable":true,"href":"https:\/\/www.portalalerta.com.br\/index.php\/wp-json\/wp\/v2\/tags?post=51567"}],"curies":[{"name":"wp","href":"https:\/\/api.w.org\/{rel}","templated":true}]}}