{"id":51573,"date":"2023-10-16T19:26:01","date_gmt":"2023-10-16T22:26:01","guid":{"rendered":"https:\/\/www.portalalerta.com.br\/?p=51573"},"modified":"2023-10-16T19:26:03","modified_gmt":"2023-10-16T22:26:03","slug":"bahia-obtem-o-pior-indice-de-concluintes-do-ensino-medio-segundo-dados-de-inscricoes-do-enem","status":"publish","type":"post","link":"https:\/\/www.portalalerta.com.br\/index.php\/2023\/10\/16\/bahia-obtem-o-pior-indice-de-concluintes-do-ensino-medio-segundo-dados-de-inscricoes-do-enem\/","title":{"rendered":"Bahia obt\u00e9m o pior \u00edndice de concluintes do ensino m\u00e9dio, segundo dados de inscri\u00e7\u00f5es do ENEM"},"content":{"rendered":"\n<p>Por meio de uma pesquisa do Censo da Educa\u00e7\u00e3o Superior que foram divulgados na \u00faltima ter\u00e7a-feira (10), a Bahia \u00e9 apontada como o estado com a menor propor\u00e7\u00e3o de estudantes concluintes do Ensino M\u00e9dio, que se inscreveram para o Exame Nacional do Ensino M\u00e9dio (ENEM) em todo o territ\u00f3rio nacional.<\/p>\n\n\n\n<!--more-->\n\n\n\n<p>As inscri\u00e7\u00f5es para a realiza\u00e7\u00e3o da prova no pa\u00eds somaram aproximadamente 2,3 milh\u00f5es, resultando uma m\u00e9dia de 48,4% dos concluintes que fizeram a prova do ENEM, ou seja, menos de 50%, segundo Manuel Pal\u00e1cios, presidente do Instituto Nacional de Estudos e Pesquisas Educacionais An\u00edsio Texeira (Inep).<\/p>\n\n\n<div class=\"wp-block-image\">\n<figure class=\"alignleft size-large is-resized\"><img fetchpriority=\"high\" decoding=\"async\" src=\"https:\/\/www.portalalerta.com.br\/wp-content\/uploads\/2023\/10\/Real-Aniversario-2023-1024x1024.jpg\" alt=\"\" class=\"wp-image-51409\" width=\"339\" height=\"339\" srcset=\"https:\/\/www.portalalerta.com.br\/wp-content\/uploads\/2023\/10\/Real-Aniversario-2023-1024x1024.jpg 1024w, https:\/\/www.portalalerta.com.br\/wp-content\/uploads\/2023\/10\/Real-Aniversario-2023-240x240.jpg 240w, https:\/\/www.portalalerta.com.br\/wp-content\/uploads\/2023\/10\/Real-Aniversario-2023-768x768.jpg 768w, https:\/\/www.portalalerta.com.br\/wp-content\/uploads\/2023\/10\/Real-Aniversario-2023-1536x1536.jpg 1536w, https:\/\/www.portalalerta.com.br\/wp-content\/uploads\/2023\/10\/Real-Aniversario-2023.jpg 1600w\" sizes=\"(max-width: 339px) 100vw, 339px\" \/><\/figure><\/div>\n\n\n<p>Os dados da pesquisa ainda informam que o n\u00famero de institui\u00e7\u00f5es de ensino superior cresceu na Bahia, totalizando 153 faculdades, onde 60 das institui\u00e7\u00f5es, ou seja, a maioria, se encontram em Salvador e regi\u00e3o metropolitana.<\/p>\n\n\n\n<p>Em todo o pa\u00eds, existem 2.595 Institui\u00e7\u00f5es de Ensino Superior, que s\u00e3o divididas por organiza\u00e7\u00f5es acad\u00eamicas. As faculdades s\u00e3o as que lideram o ranking e estadual, com 1.968 e 115 institui\u00e7\u00f5es classificadas da seguinte forma:<\/p>\n\n\n\n<p>\u2022 Centros Universit\u00e1rios: 381 no Brasil e 24 na Bahia;<br>\u2022 Universidades: 205 no Brasil e 10 na Bahia;<br>\u2022 Institutos Federais (IF) e Centros Federais de Educa\u00e7\u00e3o Tecnol\u00f3gica (Cefet): 41 no Brasil e 4 na Bahia.<br>Os dados completos da pesquisa ainda ser\u00e3o divulgados para o p\u00fablico.<\/p>\n\n\n\n<p>&nbsp;<em>Fonte: euclidesdacunha.com<\/em><\/p>\n","protected":false},"excerpt":{"rendered":"<p>Por meio de uma pesquisa do Censo da Educa\u00e7\u00e3o Superior que foram divulgados na \u00faltima ter\u00e7a-feira (10), a Bahia \u00e9 apontada como o estado com a menor propor\u00e7\u00e3o de estudantes concluintes do Ensino M\u00e9dio, que se inscreveram para o Exame Nacional do Ensino M\u00e9dio (ENEM) em todo o territ\u00f3rio nacional.<\/p>\n","protected":false},"author":2,"featured_media":32683,"comment_status":"open","ping_status":"open","sticky":false,"template":"","format":"standard","meta":{"om_disable_all_campaigns":false,"_monsterinsights_skip_tracking":false,"_monsterinsights_sitenote_active":false,"_monsterinsights_sitenote_note":"","_monsterinsights_sitenote_category":0,"footnotes":""},"categories":[33,70,20,69],"tags":[100,71,48,54,75,4178,4180,140,220,129,107,4181,132,230,106,203,120,51,109,88,47,111],"class_list":["post-51573","post","type-post","status-publish","format-standard","has-post-thumbnail","hentry","category-bahia","category-destaques","category-educacao","category-noticias2","tag-adustina","tag-antas","tag-araci","tag-bahia","tag-cicero-dantas","tag-cipo-2","tag-crisopolis-2","tag-educacao","tag-enem","tag-euclides-da-cunha","tag-fatima","tag-heliopolis-2","tag-itapicuru","tag-jeremoabo","tag-nova-soure","tag-novo-triunfo","tag-olindina","tag-paripiranga","tag-quijingue","tag-ribeira-do-amparo","tag-ribeira-do-pombal","tag-sitio-do-quinto"],"aioseo_notices":[],"_links":{"self":[{"href":"https:\/\/www.portalalerta.com.br\/index.php\/wp-json\/wp\/v2\/posts\/51573","targetHints":{"allow":["GET"]}}],"collection":[{"href":"https:\/\/www.portalalerta.com.br\/index.php\/wp-json\/wp\/v2\/posts"}],"about":[{"href":"https:\/\/www.portalalerta.com.br\/index.php\/wp-json\/wp\/v2\/types\/post"}],"author":[{"embeddable":true,"href":"https:\/\/www.portalalerta.com.br\/index.php\/wp-json\/wp\/v2\/users\/2"}],"replies":[{"embeddable":true,"href":"https:\/\/www.portalalerta.com.br\/index.php\/wp-json\/wp\/v2\/comments?post=51573"}],"version-history":[{"count":1,"href":"https:\/\/www.portalalerta.com.br\/index.php\/wp-json\/wp\/v2\/posts\/51573\/revisions"}],"predecessor-version":[{"id":51574,"href":"https:\/\/www.portalalerta.com.br\/index.php\/wp-json\/wp\/v2\/posts\/51573\/revisions\/51574"}],"wp:featuredmedia":[{"embeddable":true,"href":"https:\/\/www.portalalerta.com.br\/index.php\/wp-json\/wp\/v2\/media\/32683"}],"wp:attachment":[{"href":"https:\/\/www.portalalerta.com.br\/index.php\/wp-json\/wp\/v2\/media?parent=51573"}],"wp:term":[{"taxonomy":"category","embeddable":true,"href":"https:\/\/www.portalalerta.com.br\/index.php\/wp-json\/wp\/v2\/categories?post=51573"},{"taxonomy":"post_tag","embeddable":true,"href":"https:\/\/www.portalalerta.com.br\/index.php\/wp-json\/wp\/v2\/tags?post=51573"}],"curies":[{"name":"wp","href":"https:\/\/api.w.org\/{rel}","templated":true}]}}