{"id":51578,"date":"2023-10-16T20:43:23","date_gmt":"2023-10-16T23:43:23","guid":{"rendered":"https:\/\/www.portalalerta.com.br\/?p=51578"},"modified":"2023-10-16T20:43:25","modified_gmt":"2023-10-16T23:43:25","slug":"jeremoabo-vai-ter-um-ceu-da-cultura-veja-o-que-e-e-como-vai-funcionar","status":"publish","type":"post","link":"https:\/\/www.portalalerta.com.br\/index.php\/2023\/10\/16\/jeremoabo-vai-ter-um-ceu-da-cultura-veja-o-que-e-e-como-vai-funcionar\/","title":{"rendered":"Jeremoabo vai ter um CEU da Cultura; veja o que \u00e9 e como vai funcionar"},"content":{"rendered":"\n<p>O governo Federal divulgou as obras priorit\u00e1rias no Novo PAC, \u00e1rea da cultura, e Jeremoabo \u00e9 um dos munic\u00edpios selecionados para receber o equipamento, juntamente com outros 32 munic\u00edpios da Bahia.<\/p>\n\n\n\n<!--more-->\n\n\n\n<p>Com a previs\u00e3o dos investimentos de R$ 500 milh\u00f5es, o Programa C\u00e9u da Cultura ser\u00e1 contemplado com a constru\u00e7\u00e3o de 250 novos espa\u00e7os de viv\u00eancia cultural em todas as regi\u00f5es do Brasil.<\/p>\n\n\n<div class=\"wp-block-image\">\n<figure class=\"alignleft size-full is-resized\"><img fetchpriority=\"high\" decoding=\"async\" src=\"https:\/\/www.portalalerta.com.br\/wp-content\/uploads\/2021\/04\/ELAB.jpg\" alt=\"\" class=\"wp-image-34795\" width=\"426\" height=\"340\" srcset=\"https:\/\/www.portalalerta.com.br\/wp-content\/uploads\/2021\/04\/ELAB.jpg 1000w, https:\/\/www.portalalerta.com.br\/wp-content\/uploads\/2021\/04\/ELAB-300x240.jpg 300w, https:\/\/www.portalalerta.com.br\/wp-content\/uploads\/2021\/04\/ELAB-768x614.jpg 768w, https:\/\/www.portalalerta.com.br\/wp-content\/uploads\/2021\/04\/ELAB-183x146.jpg 183w, https:\/\/www.portalalerta.com.br\/wp-content\/uploads\/2021\/04\/ELAB-50x40.jpg 50w, https:\/\/www.portalalerta.com.br\/wp-content\/uploads\/2021\/04\/ELAB-94x75.jpg 94w\" sizes=\"(max-width: 426px) 100vw, 426px\" \/><\/figure><\/div>\n\n\n<p>A primeira sele\u00e7\u00e3o de propostas, da qual Jeremoabo faz parte, j\u00e1 foi autorizado o cadastramento das propostas que vai at\u00e9 o dia 10 de novembro de 2023.<\/p>\n\n\n\n<p>O CEUs da Cultura (CEUS (centros de Artes e de Esportes Unificados) s\u00e3o centros culturais de 300 a 500m\u00b2, com um modelo de implanta\u00e7\u00e3o idealizado para dialogar com a diversidade cultural e bioclim\u00e1tica do pa\u00eds.<\/p>\n\n\n\n<p>Baseado em m\u00f3dulos, conta com um conjunto de usos que ser\u00e3o selecionados junto \u00e0 comunidade, de acordo com suas necessidades e potencialidades, por meio da escuta ativa.<\/p>\n\n\n\n<p>Os CEUs da Cultura ser\u00e3o desenvolvidos a partir de projetos de refer\u00eancia fornecidos pelo Minist\u00e9rio da Cultura (MinC) e adaptados por equipes locais. O espa\u00e7o abrigar\u00e1 atividades voltadas \u00e0 express\u00e3o corporal, educa\u00e7\u00e3o cidad\u00e3, arte e educa\u00e7\u00e3o, trabalho e renda, meio ambiente, entre outras atividades interrelacionadas \u00e0 cultura.<\/p>\n\n\n\n<p>Outros munic\u00edpios da Bahia contemplados: Barra; Barreiras; Bom Jesus Da Lapa; Cama\u00e7ari; Campo Formoso; Candeias; Catu; Dias D\u2019\u00e1vila; Feira De Santana; Iti\u00faba; Jaguarari, Juazeiro, Lauro De Freitas, Lu\u00eds Eduardo Magalh\u00e3es, Maca\u00fabas, Madre de Deus, Maragogipe, Mata de S\u00e3o Jo\u00e3o, Paratinga, Pojuca, Salvador, Santo Amaro, S\u00e3o Desid\u00e9rio, S\u00e3o Francisco Do Conde, S\u00e3o Sebasti\u00e3o Do Pass\u00e9, Seabra, Senhor Do Bonfim, Serra Do Ramalho, Sim\u00f5es Filho, Vera Cruz, Vit\u00f3ria Da Conquista e Xique-Xique.<\/p>\n\n\n\n<p><em>Fonte: Jeremoabo Como Eu Vejo<\/em><\/p>\n\n\n\n<p><em>Com informa\u00e7\u00f5es: Gov.br<\/em><\/p>\n","protected":false},"excerpt":{"rendered":"<p>O governo Federal divulgou as obras priorit\u00e1rias no Novo PAC, \u00e1rea da cultura, e Jeremoabo \u00e9 um dos munic\u00edpios selecionados para receber o equipamento, juntamente com outros 32 munic\u00edpios da Bahia.<\/p>\n","protected":false},"author":2,"featured_media":51579,"comment_status":"open","ping_status":"open","sticky":false,"template":"","format":"standard","meta":{"om_disable_all_campaigns":false,"_monsterinsights_skip_tracking":false,"_monsterinsights_sitenote_active":false,"_monsterinsights_sitenote_note":"","_monsterinsights_sitenote_category":0,"footnotes":""},"categories":[70,20,9,69,32],"tags":[100,71,48,6368,75,4178,4180,1031,129,107,4181,132,230,106,203,120,51,109,88,47,111],"class_list":["post-51578","post","type-post","status-publish","format-standard","has-post-thumbnail","hentry","category-destaques","category-educacao","category-jeremoabo","category-noticias2","category-regiao","tag-adustina","tag-antas","tag-araci","tag-ceu-2","tag-cicero-dantas","tag-cipo-2","tag-crisopolis-2","tag-cultura","tag-euclides-da-cunha","tag-fatima","tag-heliopolis-2","tag-itapicuru","tag-jeremoabo","tag-nova-soure","tag-novo-triunfo","tag-olindina","tag-paripiranga","tag-quijingue","tag-ribeira-do-amparo","tag-ribeira-do-pombal","tag-sitio-do-quinto"],"aioseo_notices":[],"_links":{"self":[{"href":"https:\/\/www.portalalerta.com.br\/index.php\/wp-json\/wp\/v2\/posts\/51578","targetHints":{"allow":["GET"]}}],"collection":[{"href":"https:\/\/www.portalalerta.com.br\/index.php\/wp-json\/wp\/v2\/posts"}],"about":[{"href":"https:\/\/www.portalalerta.com.br\/index.php\/wp-json\/wp\/v2\/types\/post"}],"author":[{"embeddable":true,"href":"https:\/\/www.portalalerta.com.br\/index.php\/wp-json\/wp\/v2\/users\/2"}],"replies":[{"embeddable":true,"href":"https:\/\/www.portalalerta.com.br\/index.php\/wp-json\/wp\/v2\/comments?post=51578"}],"version-history":[{"count":1,"href":"https:\/\/www.portalalerta.com.br\/index.php\/wp-json\/wp\/v2\/posts\/51578\/revisions"}],"predecessor-version":[{"id":51580,"href":"https:\/\/www.portalalerta.com.br\/index.php\/wp-json\/wp\/v2\/posts\/51578\/revisions\/51580"}],"wp:featuredmedia":[{"embeddable":true,"href":"https:\/\/www.portalalerta.com.br\/index.php\/wp-json\/wp\/v2\/media\/51579"}],"wp:attachment":[{"href":"https:\/\/www.portalalerta.com.br\/index.php\/wp-json\/wp\/v2\/media?parent=51578"}],"wp:term":[{"taxonomy":"category","embeddable":true,"href":"https:\/\/www.portalalerta.com.br\/index.php\/wp-json\/wp\/v2\/categories?post=51578"},{"taxonomy":"post_tag","embeddable":true,"href":"https:\/\/www.portalalerta.com.br\/index.php\/wp-json\/wp\/v2\/tags?post=51578"}],"curies":[{"name":"wp","href":"https:\/\/api.w.org\/{rel}","templated":true}]}}