{"id":51581,"date":"2023-10-16T20:58:25","date_gmt":"2023-10-16T23:58:25","guid":{"rendered":"https:\/\/www.portalalerta.com.br\/?p=51581"},"modified":"2023-10-16T20:58:27","modified_gmt":"2023-10-16T23:58:27","slug":"ministro-do-supremo-mantem-afastamento-de-desembargadora-baiana-da-faroeste-pelo-cnj","status":"publish","type":"post","link":"https:\/\/www.portalalerta.com.br\/index.php\/2023\/10\/16\/ministro-do-supremo-mantem-afastamento-de-desembargadora-baiana-da-faroeste-pelo-cnj\/","title":{"rendered":"Ministro do Supremo mant\u00e9m afastamento de desembargadora baiana da Faroeste pelo CNJ"},"content":{"rendered":"\n<p>O ministro Luiz Fux, do Supremo Tribunal Federal (STF), rejeitou o mandado de seguran\u00e7a impetrado pela defesa da desembargadora baiana Sandra In\u00eas Moraes Rusciolelli Azevedo contra a decis\u00e3o do Conselho Nacional de Justi\u00e7a (CNJ) que determinou, este ano, seu afastamento por suspeita de envolvimento no esquema de venda de senten\u00e7as investigado pela Opera\u00e7\u00e3o Faroeste. No recurso ao Supremo, os advogados da magistrada haviam alegado excesso de prazo na medida e afirmaram que o CNJ vem se omitindo sobre a conclus\u00e3o do Processo Administrativo Disciplinar (PAD) em que Sandra In\u00eas \u00e9 alvo, prorrogado pelo conselho por mais 140 dias em 8 de agosto.<\/p>\n\n\n\n<!--more-->\n\n\n\n<p><strong>Sem retorno<\/strong><\/p>\n\n\n\n<p>A tese, contudo, foi recusada por Luiz Fux, que manteve a desembargadora fora do cargo no Tribunal de Justi\u00e7a da Bahia (TJ), onde ela seria, segundo as investiga\u00e7\u00f5es do Minist\u00e9rio P\u00fablico e da Pol\u00edcia Federal, uma das integrantes da rede de corrup\u00e7\u00e3o no Judici\u00e1rio. Com isso, Sandra In\u00eas ficar\u00e1 afastada por mais quatro meses e meio.<\/p>\n\n\n\n<p><strong>Sonora bronca<\/strong><\/p>\n\n\n<div class=\"wp-block-image\">\n<figure class=\"alignleft size-full\"><img fetchpriority=\"high\" decoding=\"async\" width=\"400\" height=\"300\" src=\"https:\/\/www.portalalerta.com.br\/wp-content\/uploads\/2023\/01\/Auto-Escola-Sonho.jpg\" alt=\"\" class=\"wp-image-47083\" srcset=\"https:\/\/www.portalalerta.com.br\/wp-content\/uploads\/2023\/01\/Auto-Escola-Sonho.jpg 400w, https:\/\/www.portalalerta.com.br\/wp-content\/uploads\/2023\/01\/Auto-Escola-Sonho-320x240.jpg 320w\" sizes=\"(max-width: 400px) 100vw, 400px\" \/><\/figure><\/div>\n\n\n<p>Em sua senten\u00e7a, o ministro do Supremo criticou o pedido da desembargadora da Faroeste e considerou <strong>\u201cabsolutamente descabida a pretens\u00e3o\u201d <\/strong>de transformar a Corte <strong>\u201cem inst\u00e2ncia recursal das decis\u00f5es disciplinares tomadas pelo CNJ no regular exerc\u00edcio das suas atribui\u00e7\u00f5es constitucionalmente estabelecidas\u201d<\/strong>. <strong>\u201cDevemos partir de uma posi\u00e7\u00e3o de defer\u00eancia perante os \u00f3rg\u00e3os aut\u00f4nomos em geral e, especialmente, aqueles aos quais a Constitui\u00e7\u00e3o outorgou compet\u00eancia t\u00e9cnica para decidir sobre determinadas mat\u00e9rias\u201d<\/strong>, emendou Fux, ao ordenar ainda que a magistrada pague as custas referentes ao mandado de seguran\u00e7a.<\/p>\n\n\n\n<p><strong>Trabalho de equilibrista<\/strong><\/p>\n\n\n\n<p>Aliados do senador Jaques Wagner (PT) admitiram o desconforto do petista ante a cobran\u00e7a por um posicionamento mais assertivo em rela\u00e7\u00e3o \u00e0 guerra travada entre Israel e o grupo extremista Hamas, que controla a Faixa de Gaza, no territ\u00f3rio palestino. Embora n\u00e3o seja praticante do juda\u00edsmo, Wagner \u00e9 filho de Judeus que fugiram da Pol\u00f4nia para o Brasil na d\u00e9cada de 1940 para escapar da persegui\u00e7\u00e3o do governo nazista de Adolf Hitler. Ao mesmo tempo, integra um bloco pol\u00edtico em que a maioria n\u00e3o esconde o apoio ao Hamas e as cr\u00edticas \u00e0 a\u00e7\u00e3o de Israel na Palestina.<\/p>\n\n\n\n<p><strong>Prova dos nove<\/strong><\/p>\n\n\n\n<p>A morte de um casal na estrada que liga a Aldeia de Barra Velha ao luxuoso balne\u00e1rio de Cara\u00edva, em Porto Seguro, atesta a veracidade do que foi noticiado pela Sat\u00e9lite na \u00faltima ter\u00e7a. Ou seja, que a via, op\u00e7\u00e3o de acesso a Cara\u00edva para quem n\u00e3o quer ir por Trancoso, havia sido tomada pelo crime organizado na regi\u00e3o, ao contr\u00e1rio do que propagou a prefeitura de Porto Seguro, ao acusar a coluna de disseminar fake news.<\/p>\n\n\n\n<p><strong>Papel passado<\/strong><\/p>\n\n\n\n<p>Os corpos de Andr\u00e9 Santos e J\u00falia Freire, que passaram o feriad\u00e3o em Cara\u00edva para comemorar quatro anos de relacionamento, foram achados na beira da estada com perfura\u00e7\u00f5es de arma de fogo. Ao lado das v\u00edtimas, um bilhete assinado com o nome de uma fac\u00e7\u00e3o informava que ambos foram executados pelo tribunal do crime.<\/p>\n\n\n\n<p><strong>por<\/strong><\/p>\n\n\n\n<p><strong>Leo Prates, deputado federal pelo PDT da Bahia, ao festejar a aprova\u00e7\u00e3o do projeto que cria uma pol\u00edtica nacional para pessoas em situa\u00e7\u00e3o de rua &#8211; Deputado federal<\/strong><\/p>\n\n\n\n<p><strong><em>&#8220;O projeto visa promover acesso ao trabalho, \u00e0 qualifica\u00e7\u00e3o profissional e \u00e0 eleva\u00e7\u00e3o da escolaridade dessa popula\u00e7\u00e3o que muitas vezes n\u00e3o \u00e9 enxergada pelo poder p\u00fablico e pela sociedade &#8220;<\/em><\/strong><\/p>\n\n\n\n<p><em>Fonte: Correio<\/em><\/p>\n","protected":false},"excerpt":{"rendered":"<p>O ministro Luiz Fux, do Supremo Tribunal Federal (STF), rejeitou o mandado de seguran\u00e7a impetrado pela defesa da desembargadora baiana Sandra In\u00eas Moraes Rusciolelli Azevedo contra a decis\u00e3o do Conselho Nacional de Justi\u00e7a (CNJ) que determinou, este ano, seu afastamento por suspeita de envolvimento no esquema de venda de senten\u00e7as investigado pela Opera\u00e7\u00e3o Faroeste. No &hellip;<\/p>\n","protected":false},"author":2,"featured_media":51582,"comment_status":"open","ping_status":"open","sticky":false,"template":"","format":"standard","meta":{"om_disable_all_campaigns":false,"_monsterinsights_skip_tracking":false,"_monsterinsights_sitenote_active":false,"_monsterinsights_sitenote_note":"","_monsterinsights_sitenote_category":0,"footnotes":""},"categories":[33,34,70,69],"tags":[100,71,48,54,75,4178,566,4180,737,129,107,4181,132,230,106,203,120,3239,51,109,88,47,111,216],"class_list":["post-51581","post","type-post","status-publish","format-standard","has-post-thumbnail","hentry","category-bahia","category-brasil","category-destaques","category-noticias2","tag-adustina","tag-antas","tag-araci","tag-bahia","tag-cicero-dantas","tag-cipo-2","tag-cnj","tag-crisopolis-2","tag-desembargadora","tag-euclides-da-cunha","tag-fatima","tag-heliopolis-2","tag-itapicuru","tag-jeremoabo","tag-nova-soure","tag-novo-triunfo","tag-olindina","tag-operacao-faroeste","tag-paripiranga","tag-quijingue","tag-ribeira-do-amparo","tag-ribeira-do-pombal","tag-sitio-do-quinto","tag-stf"],"aioseo_notices":[],"_links":{"self":[{"href":"https:\/\/www.portalalerta.com.br\/index.php\/wp-json\/wp\/v2\/posts\/51581","targetHints":{"allow":["GET"]}}],"collection":[{"href":"https:\/\/www.portalalerta.com.br\/index.php\/wp-json\/wp\/v2\/posts"}],"about":[{"href":"https:\/\/www.portalalerta.com.br\/index.php\/wp-json\/wp\/v2\/types\/post"}],"author":[{"embeddable":true,"href":"https:\/\/www.portalalerta.com.br\/index.php\/wp-json\/wp\/v2\/users\/2"}],"replies":[{"embeddable":true,"href":"https:\/\/www.portalalerta.com.br\/index.php\/wp-json\/wp\/v2\/comments?post=51581"}],"version-history":[{"count":1,"href":"https:\/\/www.portalalerta.com.br\/index.php\/wp-json\/wp\/v2\/posts\/51581\/revisions"}],"predecessor-version":[{"id":51583,"href":"https:\/\/www.portalalerta.com.br\/index.php\/wp-json\/wp\/v2\/posts\/51581\/revisions\/51583"}],"wp:featuredmedia":[{"embeddable":true,"href":"https:\/\/www.portalalerta.com.br\/index.php\/wp-json\/wp\/v2\/media\/51582"}],"wp:attachment":[{"href":"https:\/\/www.portalalerta.com.br\/index.php\/wp-json\/wp\/v2\/media?parent=51581"}],"wp:term":[{"taxonomy":"category","embeddable":true,"href":"https:\/\/www.portalalerta.com.br\/index.php\/wp-json\/wp\/v2\/categories?post=51581"},{"taxonomy":"post_tag","embeddable":true,"href":"https:\/\/www.portalalerta.com.br\/index.php\/wp-json\/wp\/v2\/tags?post=51581"}],"curies":[{"name":"wp","href":"https:\/\/api.w.org\/{rel}","templated":true}]}}