{"id":51590,"date":"2023-10-17T10:38:28","date_gmt":"2023-10-17T13:38:28","guid":{"rendered":"https:\/\/www.portalalerta.com.br\/?p=51590"},"modified":"2023-10-17T10:38:30","modified_gmt":"2023-10-17T13:38:30","slug":"israel-faz-novos-ataques-enquanto-gaza-enfrenta-crise-de-saude-publica-resolucao-do-brasil-na-onu-sera-discutido","status":"publish","type":"post","link":"https:\/\/www.portalalerta.com.br\/index.php\/2023\/10\/17\/israel-faz-novos-ataques-enquanto-gaza-enfrenta-crise-de-saude-publica-resolucao-do-brasil-na-onu-sera-discutido\/","title":{"rendered":"Israel faz novos ataques enquanto Gaza enfrenta crise de sa\u00fade p\u00fablica; resolu\u00e7\u00e3o do Brasil na ONU ser\u00e1 discutido"},"content":{"rendered":"\n<p>Bombardeios deixaram ao menos 49 mortos, segundo o Minist\u00e9rio das Rela\u00e7\u00f5es Interiores palestino<\/p>\n\n\n\n<!--more-->\n\n\n\n<p>Israel\u00a0realizou novos ataques no sul da\u00a0Faixa de Gaza\u00a0na madrugada desta ter\u00e7a-feira (17), disse o ministro das Rela\u00e7\u00f5es Interiores palestino. Segundo ele, os bombardeios deixaram ao menos 28 mortos em Rafah, cidade que faz fronteira com o\u00a0Egito, e 21 em Khan Yunis.<\/p>\n\n\n\n<p>\u00c0&nbsp;<strong>CNN<\/strong>, o porta-voz internacional das For\u00e7as de Defesa de Israel (FDI), o tenente-coronel&nbsp;<strong>Jonathan Conricus<\/strong>, disse que \u201cn\u00e3o estava ciente de ataques especificamente nessas \u00e1reas, mas eles podem ter acontecido\u201d.<\/p>\n\n\n\n<p>As duas cidades ao sul da regi\u00e3o re\u00fanem diversos civis deslocados de outras \u00e1reas da Faixa de Gaza, que tentam deixar a regi\u00e3o pela fronteira com o Egito. O pa\u00eds africano fechou os port\u00f5es desde o in\u00edcio do conflito e diversos pa\u00edses, entre eles o Brasil, tentam negociar e chegar a um acordo para a abertura da passagem.<\/p>\n\n\n\n<p>Entre as pessoas que esperam em Rafah e Khan Yunis para cruzar a fronteira est\u00e1 um grupo de 32 brasileiros que desejam ser repatriados.<\/p>\n\n\n\n<p>O\u00a0embaixador da\u00a0Palestina\u00a0no Brasil,\u00a0<strong>Ibrahim Alzeben<\/strong>, afirmou \u00e0\u00a0<strong>CNN<\/strong>\u00a0que a travessia dos brasileiros, assim como outros estrangeiros, depende de Israel, e \u00e9 preciso pressionar o Estado para essa libera\u00e7\u00e3o.<\/p>\n\n\n\n<p>A situa\u00e7\u00e3o em Gaza \u00e9 cr\u00edtica. A regi\u00e3o enfrenta uma crise humanit\u00e1ria e precisa de assist\u00eancia internacional, segundo o chefe do gabinete de comunica\u00e7\u00e3o social do governo controlado pelo\u00a0Hamas.<\/p>\n\n\n\n<p><strong><em>\u201cA magnitude das v\u00edtimas, dos feridos, da destrui\u00e7\u00e3o de unidades residenciais, infraestruturas, instala\u00e7\u00f5es p\u00fablicas e perdas econ\u00f4micas deram origem a uma crise humanit\u00e1ria sem paralelo em Gaza, diferente de tudo o que foi visto em agress\u00f5es anteriores\u201d<\/em><\/strong>, disse&nbsp;<strong>Salama Marouf<\/strong>&nbsp;em um comunicado.<\/p>\n\n\n\n<p>\u00c0 medida que a situa\u00e7\u00e3o humanit\u00e1ria piora, <strong><em>\u201ch\u00e1 um decl\u00ednio not\u00e1vel na resposta internacional\u201d<\/em><\/strong>, acrescentou.<\/p>\n\n\n\n<p>Salama disse que \u00e9 \u201curgentemente necess\u00e1ria\u201d uma a\u00e7\u00e3o decisiva por parte da comunidade internacional para travar o que chamou de campanha de \u201climpeza \u00e9tnica perpetrada pela ocupa\u00e7\u00e3o contra o povo palestino\u201d.<\/p>\n\n\n\n<p>Nesta ter\u00e7a, o\u00a0Conselho de Seguran\u00e7a da ONU\u00a0a resolu\u00e7\u00e3o da guerra de Israel do Brasil. O texto condena o Hamas, exige uma pausa humanit\u00e1ria e tamb\u00e9m pede a soltura de todos os ref\u00e9ns do grupo isl\u00e2mico, mas n\u00e3o fala de cessar-fogo.<\/p>\n\n\n\n<p>Na segunda-feira (16),\u00a0o \u00f3rg\u00e3o rejeitou a resolu\u00e7\u00e3o proposta pela R\u00fassia.\u00a0Os Estados Unidos e Reino Unido votaram contra a proposta e, como eles s\u00e3o membros permanentes do Conselho, com poder de veto, o texto n\u00e3o passou. N\u00e3o havia consenso dos pa\u00edses sobre a sugest\u00e3o.<\/p>\n\n\n\n<p>Na avalia\u00e7\u00e3o do correspondente s\u00eanior de internacional da&nbsp;<strong>CNN<\/strong>, a solu\u00e7\u00e3o do Brasil \u00e9 mais equilibrada e tem mais chance de ser aprovada.<\/p>\n\n\n\n<p><em>Fonte: CNN<\/em><\/p>\n","protected":false},"excerpt":{"rendered":"<p>Bombardeios deixaram ao menos 49 mortos, segundo o Minist\u00e9rio das Rela\u00e7\u00f5es Interiores palestino<\/p>\n","protected":false},"author":2,"featured_media":51480,"comment_status":"open","ping_status":"open","sticky":false,"template":"","format":"standard","meta":{"om_disable_all_campaigns":false,"_monsterinsights_skip_tracking":false,"_monsterinsights_sitenote_active":false,"_monsterinsights_sitenote_note":"","_monsterinsights_sitenote_category":0,"footnotes":""},"categories":[70,35,69],"tags":[100,71,48,75,4178,4180,129,107,835,2517,4181,858,132,230,339,106,203,120,51,109,88,47,111],"class_list":["post-51590","post","type-post","status-publish","format-standard","has-post-thumbnail","hentry","category-destaques","category-mundo","category-noticias2","tag-adustina","tag-antas","tag-araci","tag-cicero-dantas","tag-cipo-2","tag-crisopolis-2","tag-euclides-da-cunha","tag-fatima","tag-guerra","tag-hamas","tag-heliopolis-2","tag-israel","tag-itapicuru","tag-jeremoabo","tag-mundo","tag-nova-soure","tag-novo-triunfo","tag-olindina","tag-paripiranga","tag-quijingue","tag-ribeira-do-amparo","tag-ribeira-do-pombal","tag-sitio-do-quinto"],"aioseo_notices":[],"_links":{"self":[{"href":"https:\/\/www.portalalerta.com.br\/index.php\/wp-json\/wp\/v2\/posts\/51590","targetHints":{"allow":["GET"]}}],"collection":[{"href":"https:\/\/www.portalalerta.com.br\/index.php\/wp-json\/wp\/v2\/posts"}],"about":[{"href":"https:\/\/www.portalalerta.com.br\/index.php\/wp-json\/wp\/v2\/types\/post"}],"author":[{"embeddable":true,"href":"https:\/\/www.portalalerta.com.br\/index.php\/wp-json\/wp\/v2\/users\/2"}],"replies":[{"embeddable":true,"href":"https:\/\/www.portalalerta.com.br\/index.php\/wp-json\/wp\/v2\/comments?post=51590"}],"version-history":[{"count":1,"href":"https:\/\/www.portalalerta.com.br\/index.php\/wp-json\/wp\/v2\/posts\/51590\/revisions"}],"predecessor-version":[{"id":51591,"href":"https:\/\/www.portalalerta.com.br\/index.php\/wp-json\/wp\/v2\/posts\/51590\/revisions\/51591"}],"wp:featuredmedia":[{"embeddable":true,"href":"https:\/\/www.portalalerta.com.br\/index.php\/wp-json\/wp\/v2\/media\/51480"}],"wp:attachment":[{"href":"https:\/\/www.portalalerta.com.br\/index.php\/wp-json\/wp\/v2\/media?parent=51590"}],"wp:term":[{"taxonomy":"category","embeddable":true,"href":"https:\/\/www.portalalerta.com.br\/index.php\/wp-json\/wp\/v2\/categories?post=51590"},{"taxonomy":"post_tag","embeddable":true,"href":"https:\/\/www.portalalerta.com.br\/index.php\/wp-json\/wp\/v2\/tags?post=51590"}],"curies":[{"name":"wp","href":"https:\/\/api.w.org\/{rel}","templated":true}]}}