{"id":51608,"date":"2023-10-17T22:15:05","date_gmt":"2023-10-18T01:15:05","guid":{"rendered":"https:\/\/www.portalalerta.com.br\/?p=51608"},"modified":"2023-10-17T22:15:07","modified_gmt":"2023-10-18T01:15:07","slug":"tse-absolve-bolsonaro-e-braga-netto-em-uma-das-tres-acoes-em-analise","status":"publish","type":"post","link":"https:\/\/www.portalalerta.com.br\/index.php\/2023\/10\/17\/tse-absolve-bolsonaro-e-braga-netto-em-uma-das-tres-acoes-em-analise\/","title":{"rendered":"TSE absolve Bolsonaro e Braga Netto em uma das tr\u00eas a\u00e7\u00f5es em an\u00e1lise"},"content":{"rendered":"\n<p>O\u00a0Tribunal Superior Eleitoral (TSE)\u00a0rejeitou nesta ter\u00e7a-feira (17), por unanimidade, uma a\u00e7\u00e3o contra o ex-presidente\u00a0Jair Bolsonaro (PL)\u00a0e seu ent\u00e3o candidato a vice nas elei\u00e7\u00f5es de 2022, Walter Braga Netto.<\/p>\n\n\n\n<!--more-->\n\n\n\n<p>A a\u00e7\u00e3o questiona o suposto uso do Pal\u00e1cio do Planalto para fazer uma transmiss\u00e3o ao vivo pela internet com campanha eleitoral.<\/p>\n\n\n\n<p>Votaram para absolver os pol\u00edticos o relator, Benedito Gon\u00e7alves, e os ministros Raul Ara\u00fajo, Floriano de Azevedo Marques, Ramos Tavares, C\u00e1rmen L\u00facia, Nunes Marques e, por \u00faltimo, Alexandre de Moraes.<\/p>\n\n\n\n<p>A a\u00e7\u00e3o foi apresentada pelo PDT.<\/p>\n\n\n\n<p>Para o relator, n\u00e3o ficou comprovado que a live foi realizada dentro do Pal\u00e1cio do Planalto. Ele tamb\u00e9m disse que n\u00e3o h\u00e1, no caso, conduta vedada a candidatos.<\/p>\n\n\n\n<p><strong><em>\u201cApesar de constara que a live eleitoral foi mantida nos canais, dia da semana e hor\u00e1rio tradicionalmente reservado pelo ex-presidente da Rep\u00fablica para se comunicar com a popula\u00e7\u00e3o ao longo do mandato, n\u00e3o \u00e9 poss\u00edvel concluir eu lhe fosse vedado alterar a destina\u00e7\u00e3o do programa para atender sus interesses eleitorais\u201d,<\/em><\/strong> disse Benedito.<\/p>\n\n\n\n<p>A Corte ainda julga outras duas a\u00e7\u00f5es semelhantes contra a dupla, por uso do Pal\u00e1cio da Alvorada para lives e encontros pol\u00edticos.<\/p>\n\n\n\n<p>O Minist\u00e9rio P\u00fablico Eleitoral defendeu a absolvi\u00e7\u00e3o de Bolsonaro e Braga Netto.<\/p>\n\n\n\n<p>Na a\u00e7\u00e3o, o PDT acusou Bolsonaro de ter transformado as suas tradicionais lives de quinta-feira em <em>\u201ccom\u00edcio on-line\u201d<\/em> com dura\u00e7\u00e3o de quase uma hora. O partido destaca uma transmiss\u00e3o feita em agosto de 2022, em que o ent\u00e3o presidente pediu votos <strong><em>\u201cde maneira explicita para si e para 17 aliados pol\u00edticos, chegando ao \u00e1pice de mostrar o \u2018santinho\u2019 de cada um deles\u201d<\/em><\/strong>.<\/p>\n\n\n\n<p>Conforme o processo, Bolsonaro se valeu da condi\u00e7\u00e3o de chefe do Executivo para atrair \u00e0 live a audi\u00eancia de cidad\u00e3os interessados em seus atos de gest\u00e3o, para \u201cdepois fustig\u00e1-los com propaganda eleitoral\u201d.<\/p>\n\n\n\n<p><strong>Defesa<\/strong><\/p>\n\n\n\n<p>Na \u00faltima ter\u00e7a-feira (10), O advogado Tarc\u00edsio Vieira de Carvalho, que defende Bolsonaro e Braga Netto, minimizou o impacto das pr\u00e1ticas contestadas para a disputa eleitoral. Ele tamb\u00e9m ressaltou que as transmiss\u00f5es foram feitas por perfis pessoas do ent\u00e3o presidente e n\u00e3o mostravam s\u00edmbolos da Rep\u00fablica .<\/p>\n\n\n\n<p>Para Carvalho, as a\u00e7\u00f5es n\u00e3o poderiam ser julgadas em conjunto, pois tratam de quest\u00f5es diferentes e est\u00e3o em est\u00e1gios diferentes de tramita\u00e7\u00e3o.<\/p>\n\n\n\n<p>Ele disse n\u00e3o haver prova trazida aos processos de <strong><em>\u201cocupa\u00e7\u00e3o dolosa de bens p\u00fablicos para finalidade espec\u00edfica de promo\u00e7\u00e3o de atividades eleitorais\u201d<\/em><\/strong>. Tamb\u00e9m afirmou que as a\u00e7\u00f5es s\u00e3o gen\u00e9ricas e de <strong>\u201cperfil aberto\u201d<\/strong>.<\/p>\n\n\n\n<p>Em sua manifesta\u00e7\u00e3o, o advogado argumentou que as lives n\u00e3o se trataram de publicidade institucional do governo, nem de transmiss\u00e3o oficial.<\/p>\n\n\n\n<p><strong><em>\u201cO presidente Bolsonaro sempre fez uso de lives. \u00c9 uma das suas marcas registradas. Evento n\u00e3o era oficial, n\u00e3o houve desvirtuamento de transmiss\u00e3o oficial. As lives eram tradicionais, sempre foram transmitidas em rede social provada de uso pessoal do candidato\u201d<\/em><\/strong>, afirmou.<\/p>\n\n\n\n<p><strong><em>\u201cPopularidade em rede social \u00e9 abuso de poder pol\u00edtico? Ele tem que ser impopular se candidato a reelei\u00e7\u00e3o? Desde quando? Impugna-se um certo desgosto a uma ferramenta extremamente democr\u00e1tica, de baix\u00edssimo custo e acess\u00edvel \u00e0 popula\u00e7\u00e3o em geral e a qualquer candidato minimamente engajado\u201d<\/em><\/strong>.<\/p>\n\n\n\n<p><em>Fonte: CNN<\/em><\/p>\n","protected":false},"excerpt":{"rendered":"<p>O\u00a0Tribunal Superior Eleitoral (TSE)\u00a0rejeitou nesta ter\u00e7a-feira (17), por unanimidade, uma a\u00e7\u00e3o contra o ex-presidente\u00a0Jair Bolsonaro (PL)\u00a0e seu ent\u00e3o candidato a vice nas elei\u00e7\u00f5es de 2022, Walter Braga Netto.<\/p>\n","protected":false},"author":2,"featured_media":37014,"comment_status":"open","ping_status":"open","sticky":false,"template":"","format":"standard","meta":{"om_disable_all_campaigns":false,"_monsterinsights_skip_tracking":false,"_monsterinsights_sitenote_active":false,"_monsterinsights_sitenote_note":"","_monsterinsights_sitenote_category":0,"footnotes":""},"categories":[34,70,69,21],"tags":[513,100,71,48,5516,93,75,4178,4180,129,107,4181,132,1395,230,106,203,120,51,109,88,47,111,549],"class_list":["post-51608","post","type-post","status-publish","format-standard","has-post-thumbnail","hentry","category-brasil","category-destaques","category-noticias2","category-politica","tag-absolvicao","tag-adustina","tag-antas","tag-araci","tag-braga-netto","tag-brasil","tag-cicero-dantas","tag-cipo-2","tag-crisopolis-2","tag-euclides-da-cunha","tag-fatima","tag-heliopolis-2","tag-itapicuru","tag-jair-bolsonaro","tag-jeremoabo","tag-nova-soure","tag-novo-triunfo","tag-olindina","tag-paripiranga","tag-quijingue","tag-ribeira-do-amparo","tag-ribeira-do-pombal","tag-sitio-do-quinto","tag-tse"],"aioseo_notices":[],"_links":{"self":[{"href":"https:\/\/www.portalalerta.com.br\/index.php\/wp-json\/wp\/v2\/posts\/51608","targetHints":{"allow":["GET"]}}],"collection":[{"href":"https:\/\/www.portalalerta.com.br\/index.php\/wp-json\/wp\/v2\/posts"}],"about":[{"href":"https:\/\/www.portalalerta.com.br\/index.php\/wp-json\/wp\/v2\/types\/post"}],"author":[{"embeddable":true,"href":"https:\/\/www.portalalerta.com.br\/index.php\/wp-json\/wp\/v2\/users\/2"}],"replies":[{"embeddable":true,"href":"https:\/\/www.portalalerta.com.br\/index.php\/wp-json\/wp\/v2\/comments?post=51608"}],"version-history":[{"count":1,"href":"https:\/\/www.portalalerta.com.br\/index.php\/wp-json\/wp\/v2\/posts\/51608\/revisions"}],"predecessor-version":[{"id":51609,"href":"https:\/\/www.portalalerta.com.br\/index.php\/wp-json\/wp\/v2\/posts\/51608\/revisions\/51609"}],"wp:featuredmedia":[{"embeddable":true,"href":"https:\/\/www.portalalerta.com.br\/index.php\/wp-json\/wp\/v2\/media\/37014"}],"wp:attachment":[{"href":"https:\/\/www.portalalerta.com.br\/index.php\/wp-json\/wp\/v2\/media?parent=51608"}],"wp:term":[{"taxonomy":"category","embeddable":true,"href":"https:\/\/www.portalalerta.com.br\/index.php\/wp-json\/wp\/v2\/categories?post=51608"},{"taxonomy":"post_tag","embeddable":true,"href":"https:\/\/www.portalalerta.com.br\/index.php\/wp-json\/wp\/v2\/tags?post=51608"}],"curies":[{"name":"wp","href":"https:\/\/api.w.org\/{rel}","templated":true}]}}