{"id":51623,"date":"2023-10-19T16:28:11","date_gmt":"2023-10-19T19:28:11","guid":{"rendered":"https:\/\/www.portalalerta.com.br\/?p=51623"},"modified":"2023-10-19T16:28:13","modified_gmt":"2023-10-19T19:28:13","slug":"eua-imagens-mostram-que-israel-nao-foi-responsavel-por-foguete-que-atingiu-hospital-em-gaza","status":"publish","type":"post","link":"https:\/\/www.portalalerta.com.br\/index.php\/2023\/10\/19\/eua-imagens-mostram-que-israel-nao-foi-responsavel-por-foguete-que-atingiu-hospital-em-gaza\/","title":{"rendered":"EUA: imagens mostram que Israel n\u00e3o foi respons\u00e1vel por foguete que atingiu hospital em Gaza"},"content":{"rendered":"\n<p><strong>Biden afirma que artilharia fora de controle lan\u00e7ada por terroristas atingiu o local, onde cerca de 500 pessoas morreram<\/strong><\/p>\n\n\n\n<!--more-->\n\n\n\n<p>Os Estados Unidos analisaram <strong><em>&#8220;imagens a\u00e9reas e comunica\u00e7\u00f5es interceptadas&#8221;<\/em><\/strong> e, at\u00e9 o momento, conclu\u00edram que\u00a0Israel\u00a0n\u00e3o est\u00e1 por tr\u00e1s do lan\u00e7amento do foguete que atingiu um\u00a0hospital em Gaza, relatou a Casa Branca nesta quarta-feira (18).<\/p>\n\n\n<div class=\"wp-block-image\">\n<figure class=\"alignleft size-full\"><img fetchpriority=\"high\" decoding=\"async\" width=\"400\" height=\"300\" src=\"https:\/\/www.portalalerta.com.br\/wp-content\/uploads\/2023\/01\/Auto-Escola-Sonho.jpg\" alt=\"\" class=\"wp-image-47083\" srcset=\"https:\/\/www.portalalerta.com.br\/wp-content\/uploads\/2023\/01\/Auto-Escola-Sonho.jpg 400w, https:\/\/www.portalalerta.com.br\/wp-content\/uploads\/2023\/01\/Auto-Escola-Sonho-320x240.jpg 320w\" sizes=\"(max-width: 400px) 100vw, 400px\" \/><\/figure><\/div>\n\n\n<p>O Minist\u00e9rio da Sa\u00fade palestino afirma que cerca de 500 pessoas morreram no ataque e outras centenas ficaram feridas.&nbsp;<\/p>\n\n\n\n<p>A porta-voz do Conselho de Seguran\u00e7a Nacional, Adrienne Watson, disse aos jornalistas: <strong><em>&#8220;\u00c0 medida que continuamos coletando informa\u00e7\u00f5es, nossa avalia\u00e7\u00e3o atual, com base na an\u00e1lise de imagens a\u00e9reas, comunica\u00e7\u00f5es interceptadas e informa\u00e7\u00f5es de acesso p\u00fablico, \u00e9 que Israel n\u00e3o \u00e9 respons\u00e1vel pela explos\u00e3o no hospital de Gaza ocorrida ontem&#8221;<\/em><\/strong>.<\/p>\n\n\n\n<p>O\u00a0presidente dos Estados Unidos, Joe Biden, que fez uma r\u00e1pida visita a Israel, afirmou h\u00e1 pouco que o hospital foi atingido por um foguete fora de controle lan\u00e7ado por um <strong><em>&#8220;grupo terrorista&#8221;<\/em><\/strong>.\u00a0<\/p>\n\n\n\n<p>A vers\u00e3o \u00e9 a mesma do Ex\u00e9rcito israelense, que acusa a organiza\u00e7\u00e3o terrorista Jihad Isl\u00e2mica de ter disparado a artilharia, nesta ter\u00e7a-feira (17).&nbsp;<\/p>\n\n\n\n<p>Imagens de uma emissora de TV israelense\u00a0sugerem que o foguete foi disparado de dentro de Gaza, na noite de ontem.\u00a0<\/p>\n\n\n\n<p><em>Fonte: R7<\/em><\/p>\n","protected":false},"excerpt":{"rendered":"<p>Biden afirma que artilharia fora de controle lan\u00e7ada por terroristas atingiu o local, onde cerca de 500 pessoas morreram<\/p>\n","protected":false},"author":2,"featured_media":51624,"comment_status":"open","ping_status":"open","sticky":false,"template":"","format":"standard","meta":{"om_disable_all_campaigns":false,"_monsterinsights_skip_tracking":false,"_monsterinsights_sitenote_active":false,"_monsterinsights_sitenote_note":"","_monsterinsights_sitenote_category":0,"footnotes":""},"categories":[70,35,69],"tags":[100,71,48,75,4178,4180,327,129,860,107,835,4181,92,858,132,230,339,106,203,120,51,109,88,47,111],"class_list":["post-51623","post","type-post","status-publish","format-standard","has-post-thumbnail","hentry","category-destaques","category-mundo","category-noticias2","tag-adustina","tag-antas","tag-araci","tag-cicero-dantas","tag-cipo-2","tag-crisopolis-2","tag-eua","tag-euclides-da-cunha","tag-faixa-de-gaza","tag-fatima","tag-guerra","tag-heliopolis-2","tag-hospital","tag-israel","tag-itapicuru","tag-jeremoabo","tag-mundo","tag-nova-soure","tag-novo-triunfo","tag-olindina","tag-paripiranga","tag-quijingue","tag-ribeira-do-amparo","tag-ribeira-do-pombal","tag-sitio-do-quinto"],"aioseo_notices":[],"_links":{"self":[{"href":"https:\/\/www.portalalerta.com.br\/index.php\/wp-json\/wp\/v2\/posts\/51623","targetHints":{"allow":["GET"]}}],"collection":[{"href":"https:\/\/www.portalalerta.com.br\/index.php\/wp-json\/wp\/v2\/posts"}],"about":[{"href":"https:\/\/www.portalalerta.com.br\/index.php\/wp-json\/wp\/v2\/types\/post"}],"author":[{"embeddable":true,"href":"https:\/\/www.portalalerta.com.br\/index.php\/wp-json\/wp\/v2\/users\/2"}],"replies":[{"embeddable":true,"href":"https:\/\/www.portalalerta.com.br\/index.php\/wp-json\/wp\/v2\/comments?post=51623"}],"version-history":[{"count":1,"href":"https:\/\/www.portalalerta.com.br\/index.php\/wp-json\/wp\/v2\/posts\/51623\/revisions"}],"predecessor-version":[{"id":51625,"href":"https:\/\/www.portalalerta.com.br\/index.php\/wp-json\/wp\/v2\/posts\/51623\/revisions\/51625"}],"wp:featuredmedia":[{"embeddable":true,"href":"https:\/\/www.portalalerta.com.br\/index.php\/wp-json\/wp\/v2\/media\/51624"}],"wp:attachment":[{"href":"https:\/\/www.portalalerta.com.br\/index.php\/wp-json\/wp\/v2\/media?parent=51623"}],"wp:term":[{"taxonomy":"category","embeddable":true,"href":"https:\/\/www.portalalerta.com.br\/index.php\/wp-json\/wp\/v2\/categories?post=51623"},{"taxonomy":"post_tag","embeddable":true,"href":"https:\/\/www.portalalerta.com.br\/index.php\/wp-json\/wp\/v2\/tags?post=51623"}],"curies":[{"name":"wp","href":"https:\/\/api.w.org\/{rel}","templated":true}]}}