{"id":51626,"date":"2023-10-19T16:40:14","date_gmt":"2023-10-19T19:40:14","guid":{"rendered":"https:\/\/www.portalalerta.com.br\/?p=51626"},"modified":"2023-10-19T16:40:16","modified_gmt":"2023-10-19T19:40:16","slug":"paripiranga-ba-vereador-mais-votado-na-base-governista-declara-apoio-a-ex-prefeito-george-e-se-torna-pre-candidato-a-vice","status":"publish","type":"post","link":"https:\/\/www.portalalerta.com.br\/index.php\/2023\/10\/19\/paripiranga-ba-vereador-mais-votado-na-base-governista-declara-apoio-a-ex-prefeito-george-e-se-torna-pre-candidato-a-vice\/","title":{"rendered":"Paripiranga\/BA: Vereador mais votado na base governista declara apoio a ex-prefeito George e se torna pr\u00e9-candidato a vice"},"content":{"rendered":"\n<p>O vereador Paulo de Nezinho foi o 2\u00ba vereador mais votado na elei\u00e7\u00e3o de 2020 e 1\u00ba mais votado na base do prefeito, com 1.110 votos.<\/p>\n\n\n\n<!--more-->\n\n\n<div class=\"wp-block-image\">\n<figure class=\"alignleft size-large is-resized\"><img fetchpriority=\"high\" decoding=\"async\" src=\"https:\/\/www.portalalerta.com.br\/wp-content\/uploads\/2023\/10\/Real-Aniversario-2023-1024x1024.jpg\" alt=\"\" class=\"wp-image-51409\" width=\"415\" height=\"415\" srcset=\"https:\/\/www.portalalerta.com.br\/wp-content\/uploads\/2023\/10\/Real-Aniversario-2023-1024x1024.jpg 1024w, https:\/\/www.portalalerta.com.br\/wp-content\/uploads\/2023\/10\/Real-Aniversario-2023-240x240.jpg 240w, https:\/\/www.portalalerta.com.br\/wp-content\/uploads\/2023\/10\/Real-Aniversario-2023-768x768.jpg 768w, https:\/\/www.portalalerta.com.br\/wp-content\/uploads\/2023\/10\/Real-Aniversario-2023-1536x1536.jpg 1536w, https:\/\/www.portalalerta.com.br\/wp-content\/uploads\/2023\/10\/Real-Aniversario-2023.jpg 1600w\" sizes=\"(max-width: 415px) 100vw, 415px\" \/><\/figure><\/div>\n\n\n<p>Paulo tomou a decis\u00e3o buscando atender o pedido dos seus amigos e familiares, que ap\u00f3s 6 mandatos consecutivos, acreditam j\u00e1 estar na hora de o vereador ocupar uma posi\u00e7\u00e3o de maior destaque na pol\u00edtica municipal.<\/p>\n\n\n\n<p>O vereador declarou tamb\u00e9m que nutre o desejo de poder contribuir ainda mais com o crescimento do munic\u00edpio, e no lado da situa\u00e7\u00e3o n\u00e3o teria como concorrer \u00e0 pretensa cadeira de vice-prefeito, pois recebeu promessas, acreditou e foi tra\u00eddo.<\/p>\n\n\n\n<p>O ex-prefeito George (\u00e0 esquerda, na foto) recebeu com bastante satisfa\u00e7\u00e3o o excelente apoio e declarou que o vereador Paulo tem muito a contribuir com o grupo pol\u00edtico e com o futuro programa de governo.<\/p>\n\n\n\n<p><strong><u>Segue um resumo da carreira pol\u00edtica do vereador Paulo de Nezinho:<\/u><\/strong><\/p>\n\n\n\n<p><strong>1\u00ba mandato: 2000 =&gt; 1\u00ba lugar com 638 votos<\/strong><\/p>\n\n\n\n<p><strong>2\u00ba mandato: 2004 =&gt; 1\u00ba lugar com 1.045 votos<\/strong><\/p>\n\n\n\n<p><strong>3\u00ba mandato: 2008 =&gt; 735 votos<\/strong><\/p>\n\n\n\n<p><strong>4\u00ba mandato: 2012 =&gt; 782 votos<\/strong><\/p>\n\n\n\n<p><strong>5\u00ba mandato: 2016 =&gt; 1\u00ba lugar com 1.269 votos<\/strong><\/p>\n\n\n\n<p><strong>6\u00ba mandato: 2020 =&gt; 2\u00ba lugar com 1.110 votos<\/strong><\/p>\n\n\n\n<ul class=\"wp-block-list\">\n<li><strong>Presidente da C\u00e2mara no bi\u00eanio 2005\/2006<\/strong><\/li>\n<\/ul>\n\n\n\n<p><em>Fonte: Sim\u00e3o Dias Como Eu Vejo<\/em><\/p>\n","protected":false},"excerpt":{"rendered":"<p>O vereador Paulo de Nezinho foi o 2\u00ba vereador mais votado na elei\u00e7\u00e3o de 2020 e 1\u00ba mais votado na base do prefeito, com 1.110 votos.<\/p>\n","protected":false},"author":2,"featured_media":51627,"comment_status":"open","ping_status":"closed","sticky":false,"template":"","format":"standard","meta":{"om_disable_all_campaigns":false,"_monsterinsights_skip_tracking":false,"_monsterinsights_sitenote_active":false,"_monsterinsights_sitenote_note":"","_monsterinsights_sitenote_category":0,"footnotes":""},"categories":[70,69,11,21,32],"tags":[100,71,48,75,4178,4180,5695,129,134,107,6213,4181,132,230,106,203,120,51,6370,198,109,88,47,111],"class_list":["post-51626","post","type-post","status-publish","format-standard","has-post-thumbnail","hentry","category-destaques","category-noticias2","category-paripiranga","category-politica","category-regiao","tag-adustina","tag-antas","tag-araci","tag-cicero-dantas","tag-cipo-2","tag-crisopolis-2","tag-eleicoes-2024","tag-euclides-da-cunha","tag-ex-prefeito","tag-fatima","tag-george-nascimento","tag-heliopolis-2","tag-itapicuru","tag-jeremoabo","tag-nova-soure","tag-novo-triunfo","tag-olindina","tag-paripiranga","tag-paulo-de-nezinho","tag-prefeito","tag-quijingue","tag-ribeira-do-amparo","tag-ribeira-do-pombal","tag-sitio-do-quinto"],"aioseo_notices":[],"_links":{"self":[{"href":"https:\/\/www.portalalerta.com.br\/index.php\/wp-json\/wp\/v2\/posts\/51626","targetHints":{"allow":["GET"]}}],"collection":[{"href":"https:\/\/www.portalalerta.com.br\/index.php\/wp-json\/wp\/v2\/posts"}],"about":[{"href":"https:\/\/www.portalalerta.com.br\/index.php\/wp-json\/wp\/v2\/types\/post"}],"author":[{"embeddable":true,"href":"https:\/\/www.portalalerta.com.br\/index.php\/wp-json\/wp\/v2\/users\/2"}],"replies":[{"embeddable":true,"href":"https:\/\/www.portalalerta.com.br\/index.php\/wp-json\/wp\/v2\/comments?post=51626"}],"version-history":[{"count":1,"href":"https:\/\/www.portalalerta.com.br\/index.php\/wp-json\/wp\/v2\/posts\/51626\/revisions"}],"predecessor-version":[{"id":51628,"href":"https:\/\/www.portalalerta.com.br\/index.php\/wp-json\/wp\/v2\/posts\/51626\/revisions\/51628"}],"wp:featuredmedia":[{"embeddable":true,"href":"https:\/\/www.portalalerta.com.br\/index.php\/wp-json\/wp\/v2\/media\/51627"}],"wp:attachment":[{"href":"https:\/\/www.portalalerta.com.br\/index.php\/wp-json\/wp\/v2\/media?parent=51626"}],"wp:term":[{"taxonomy":"category","embeddable":true,"href":"https:\/\/www.portalalerta.com.br\/index.php\/wp-json\/wp\/v2\/categories?post=51626"},{"taxonomy":"post_tag","embeddable":true,"href":"https:\/\/www.portalalerta.com.br\/index.php\/wp-json\/wp\/v2\/tags?post=51626"}],"curies":[{"name":"wp","href":"https:\/\/api.w.org\/{rel}","templated":true}]}}