{"id":51632,"date":"2023-10-20T07:00:00","date_gmt":"2023-10-20T10:00:00","guid":{"rendered":"https:\/\/www.portalalerta.com.br\/?p=51632"},"modified":"2023-10-20T01:23:30","modified_gmt":"2023-10-20T04:23:30","slug":"comandante-do-exercito-diz-que-ha-envolvimento-militar-em-furto-de-metralhadoras","status":"publish","type":"post","link":"https:\/\/www.portalalerta.com.br\/index.php\/2023\/10\/20\/comandante-do-exercito-diz-que-ha-envolvimento-militar-em-furto-de-metralhadoras\/","title":{"rendered":"Comandante do Ex\u00e9rcito diz que h\u00e1 envolvimento militar em furto de metralhadoras"},"content":{"rendered":"\n<p>Tom\u00e1s Paiva declarou que a investiga\u00e7\u00e3o est\u00e1 sendo feita de maneira firma e assegurou que &#8220;todos os envolvidos v\u00e3o ser responsabilizados&#8221;<\/p>\n\n\n\n<!--more-->\n\n\n\n<p>O comandante do Ex\u00e9rcito, general Tom\u00e1s Paiva, disse que n\u00e3o tem d\u00favidas sobre o envolvimento de militares do pr\u00f3prio quartel onde ocorreu o\u00a0furto de 21 metralhadoras do Arsenal de Guerra de S\u00e3o Paulo, levadas da base militar de Barueri, na Regi\u00e3o Metropolitana de S\u00e3o Paulo.<\/p>\n\n\n<div class=\"wp-block-image\">\n<figure class=\"alignleft size-full is-resized\"><img fetchpriority=\"high\" decoding=\"async\" src=\"https:\/\/www.portalalerta.com.br\/wp-content\/uploads\/2021\/04\/ELAB.jpg\" alt=\"\" class=\"wp-image-34795\" width=\"426\" height=\"340\" srcset=\"https:\/\/www.portalalerta.com.br\/wp-content\/uploads\/2021\/04\/ELAB.jpg 1000w, https:\/\/www.portalalerta.com.br\/wp-content\/uploads\/2021\/04\/ELAB-300x240.jpg 300w, https:\/\/www.portalalerta.com.br\/wp-content\/uploads\/2021\/04\/ELAB-768x614.jpg 768w, https:\/\/www.portalalerta.com.br\/wp-content\/uploads\/2021\/04\/ELAB-183x146.jpg 183w, https:\/\/www.portalalerta.com.br\/wp-content\/uploads\/2021\/04\/ELAB-50x40.jpg 50w, https:\/\/www.portalalerta.com.br\/wp-content\/uploads\/2021\/04\/ELAB-94x75.jpg 94w\" sizes=\"(max-width: 426px) 100vw, 426px\" \/><\/figure><\/div>\n\n\n<p><strong><em>\u201cN\u00e3o tenho d\u00favida de que h\u00e1 gente da unidade envolvida. Estamos investigando a fundo para atuar de maneira firme. Todos os envolvidos v\u00e3o ser responsabilizados\u201d,<\/em><\/strong> afirmou Tom\u00e1s Paiva, em entrevista ao portal Metr\u00f3poles, nesta quarta-feira (18).<\/p>\n\n\n\n<p>O furto de armas foi confirmado na \u00faltima sexta-feira (13), mas as identidades dos criminosos ainda n\u00e3o foram divulgadas at\u00e9 ent\u00e3o. Ao todo, 13 metralhadoras calibre ponto 50 e oito de calibre 7,62 foram furtadas, no entanto, segundo o Comando Militar do Sudeste (CMSE)&nbsp;o armamento levado&nbsp;n\u00e3o funcionava e iria passar por manuten\u00e7\u00e3o.<\/p>\n\n\n\n<p><em>Fonte: Metro1<\/em><\/p>\n","protected":false},"excerpt":{"rendered":"<p>Tom\u00e1s Paiva declarou que a investiga\u00e7\u00e3o est\u00e1 sendo feita de maneira firma e assegurou que &#8220;todos os envolvidos v\u00e3o ser responsabilizados&#8221;<\/p>\n","protected":false},"author":2,"featured_media":47624,"comment_status":"open","ping_status":"open","sticky":false,"template":"","format":"standard","meta":{"om_disable_all_campaigns":false,"_monsterinsights_skip_tracking":false,"_monsterinsights_sitenote_active":false,"_monsterinsights_sitenote_note":"","_monsterinsights_sitenote_category":0,"footnotes":""},"categories":[34,70,69,22],"tags":[100,71,48,93,75,4178,5930,4180,129,583,107,6371,4181,132,230,106,203,120,51,109,88,47,111,5929],"class_list":["post-51632","post","type-post","status-publish","format-standard","has-post-thumbnail","hentry","category-brasil","category-destaques","category-noticias2","category-seguranca","tag-adustina","tag-antas","tag-araci","tag-brasil","tag-cicero-dantas","tag-cipo-2","tag-comandante-do-exercito","tag-crisopolis-2","tag-euclides-da-cunha","tag-exercito","tag-fatima","tag-furto-de-armas-de-fogo","tag-heliopolis-2","tag-itapicuru","tag-jeremoabo","tag-nova-soure","tag-novo-triunfo","tag-olindina","tag-paripiranga","tag-quijingue","tag-ribeira-do-amparo","tag-ribeira-do-pombal","tag-sitio-do-quinto","tag-tomas-paiva"],"aioseo_notices":[],"_links":{"self":[{"href":"https:\/\/www.portalalerta.com.br\/index.php\/wp-json\/wp\/v2\/posts\/51632","targetHints":{"allow":["GET"]}}],"collection":[{"href":"https:\/\/www.portalalerta.com.br\/index.php\/wp-json\/wp\/v2\/posts"}],"about":[{"href":"https:\/\/www.portalalerta.com.br\/index.php\/wp-json\/wp\/v2\/types\/post"}],"author":[{"embeddable":true,"href":"https:\/\/www.portalalerta.com.br\/index.php\/wp-json\/wp\/v2\/users\/2"}],"replies":[{"embeddable":true,"href":"https:\/\/www.portalalerta.com.br\/index.php\/wp-json\/wp\/v2\/comments?post=51632"}],"version-history":[{"count":1,"href":"https:\/\/www.portalalerta.com.br\/index.php\/wp-json\/wp\/v2\/posts\/51632\/revisions"}],"predecessor-version":[{"id":51633,"href":"https:\/\/www.portalalerta.com.br\/index.php\/wp-json\/wp\/v2\/posts\/51632\/revisions\/51633"}],"wp:featuredmedia":[{"embeddable":true,"href":"https:\/\/www.portalalerta.com.br\/index.php\/wp-json\/wp\/v2\/media\/47624"}],"wp:attachment":[{"href":"https:\/\/www.portalalerta.com.br\/index.php\/wp-json\/wp\/v2\/media?parent=51632"}],"wp:term":[{"taxonomy":"category","embeddable":true,"href":"https:\/\/www.portalalerta.com.br\/index.php\/wp-json\/wp\/v2\/categories?post=51632"},{"taxonomy":"post_tag","embeddable":true,"href":"https:\/\/www.portalalerta.com.br\/index.php\/wp-json\/wp\/v2\/tags?post=51632"}],"curies":[{"name":"wp","href":"https:\/\/api.w.org\/{rel}","templated":true}]}}