{"id":51634,"date":"2023-10-20T07:01:00","date_gmt":"2023-10-20T10:01:00","guid":{"rendered":"https:\/\/www.portalalerta.com.br\/?p=51634"},"modified":"2023-10-20T01:39:45","modified_gmt":"2023-10-20T04:39:45","slug":"inscricoes-para-selecao-publica-de-gestores-escolares-em-tucano-ba-encerram-nesta-sexta-feira-20","status":"publish","type":"post","link":"https:\/\/www.portalalerta.com.br\/index.php\/2023\/10\/20\/inscricoes-para-selecao-publica-de-gestores-escolares-em-tucano-ba-encerram-nesta-sexta-feira-20\/","title":{"rendered":"Inscri\u00e7\u00f5es para sele\u00e7\u00e3o p\u00fablica de gestores escolares em Tucano-BA, encerram nesta sexta-feira (20)"},"content":{"rendered":"\n<p>Est\u00e3o abertas as inscri\u00e7\u00f5es para a sele\u00e7\u00e3o p\u00fablica de gestores escolares em Tucano-BA. A oportunidade \u00e9 para profissionais qualificados na \u00e1rea da educa\u00e7\u00e3o que desejam assumir cargos de dire\u00e7\u00e3o e vice-dire\u00e7\u00e3o em unidades\/n\u00facleos escolares do munic\u00edpio.<\/p>\n\n\n\n<!--more-->\n\n\n\n<p>As inscri\u00e7\u00f5es, que come\u00e7aram no dia 17 de outubro, com encerramento previsto para esta sexta-feira (20), oferecendo um total de 27 vagas para diretores e 40 para vice-diretores.<\/p>\n\n\n<div class=\"wp-block-image\">\n<figure class=\"alignleft size-full\"><img fetchpriority=\"high\" decoding=\"async\" width=\"400\" height=\"300\" src=\"https:\/\/www.portalalerta.com.br\/wp-content\/uploads\/2023\/01\/Auto-Escola-Sonho.jpg\" alt=\"\" class=\"wp-image-47083\" srcset=\"https:\/\/www.portalalerta.com.br\/wp-content\/uploads\/2023\/01\/Auto-Escola-Sonho.jpg 400w, https:\/\/www.portalalerta.com.br\/wp-content\/uploads\/2023\/01\/Auto-Escola-Sonho-320x240.jpg 320w\" sizes=\"(max-width: 400px) 100vw, 400px\" \/><\/figure><\/div>\n\n\n<p>A Secret\u00e1ria de Educa\u00e7\u00e3o, Gerusa Ara\u00fajo, enfatizou a import\u00e2ncia desta sele\u00e7\u00e3o para o avan\u00e7o da educa\u00e7\u00e3o: <strong><em>\u201cEstamos buscando profissionais comprometidos e qualificados para liderar nossas escolas. A gest\u00e3o escolar \u00e9 fundamental para o desenvolvimento dos nossos alunos, e estamos confiantes de que encontraremos os melhores candidatos para essas importantes posi\u00e7\u00f5es.\u201d<\/em><\/strong><\/p>\n\n\n\n<p>As inscri\u00e7\u00f5es ser\u00e3o realizadas de forma online atrav\u00e9s do site <a href=\"https:\/\/acaobahiaorganizacao.com.br\/\">https:\/\/acaobahiaorganizacao.com.br\/<\/a>.<\/p>\n\n\n\n<p>O processo de sele\u00e7\u00e3o para a Diretoria e Vice-diretoria das Unidades\/N\u00facleos Escolares do Munic\u00edpio de Tucano ser\u00e1 dividido em duas etapas: provas objetiva e discursiva, e a entrega e apresenta\u00e7\u00e3o do Plano de Gest\u00e3o \u2013 os candidatos aprovados na primeira etapa dever\u00e3o apresentar um plano, demonstrando suas propostas e ideias para melhorar a qualidade da educa\u00e7\u00e3o nas institui\u00e7\u00f5es de ensino do munic\u00edpio.<\/p>\n\n\n\n<p>O Prefeito da cidade, Ricardo Maia Filho, tamb\u00e9m comentou sobre: <strong><em>\u201cInvestir na educa\u00e7\u00e3o \u00e9 investir no futuro da nossa cidade e da nossa gente. Estamos oferecendo essa oportunidade para profissionais dedicados que desejam fazer a diferen\u00e7a na vida das crian\u00e7as e jovens de Tucano. Queremos proporcionar um ambiente educacional de qualidade e, para isso, contamos com voc\u00eas.\u201d<\/em><\/strong><\/p>\n\n\n\n<p>As inscri\u00e7\u00f5es est\u00e3o abertas e os interessados t\u00eam at\u00e9 o dia 20 de outubro para se candidatar. Para mais informa\u00e7\u00f5es acesse o edital abaixo<\/p>\n\n\n\n<p>Mais informa\u00e7\u00f5es no edital e no site: <a href=\"http:\/\/www.tucano.ba.gov.br\/?fbclid=IwAR1PF2C9pRjfUvlEUIWo3li_BWFlZOyGrANPZtB6uxgzNQheP6_znKKNGpg\" target=\"_blank\" rel=\"noreferrer noopener\">www.tucano.ba.gov.br<\/a><\/p>\n\n\n\n<p><em>Fonte: Tribuna Sisaleira<\/em><\/p>\n","protected":false},"excerpt":{"rendered":"<p>Est\u00e3o abertas as inscri\u00e7\u00f5es para a sele\u00e7\u00e3o p\u00fablica de gestores escolares em Tucano-BA. A oportunidade \u00e9 para profissionais qualificados na \u00e1rea da educa\u00e7\u00e3o que desejam assumir cargos de dire\u00e7\u00e3o e vice-dire\u00e7\u00e3o em unidades\/n\u00facleos escolares do munic\u00edpio.<\/p>\n","protected":false},"author":2,"featured_media":51635,"comment_status":"open","ping_status":"open","sticky":false,"template":"","format":"standard","meta":{"om_disable_all_campaigns":false,"_monsterinsights_skip_tracking":false,"_monsterinsights_sitenote_active":false,"_monsterinsights_sitenote_note":"","_monsterinsights_sitenote_category":0,"footnotes":""},"categories":[70,20,69,32,12],"tags":[100,71,48,75,4178,4180,6099,140,129,107,6372,4181,132,230,106,203,120,51,511,109,88,47,111,190,6366],"class_list":["post-51634","post","type-post","status-publish","format-standard","has-post-thumbnail","hentry","category-destaques","category-educacao","category-noticias2","category-regiao","category-tucano","tag-adustina","tag-antas","tag-araci","tag-cicero-dantas","tag-cipo-2","tag-crisopolis-2","tag-diretores","tag-educacao","tag-euclides-da-cunha","tag-fatima","tag-gestao-escolar","tag-heliopolis-2","tag-itapicuru","tag-jeremoabo","tag-nova-soure","tag-novo-triunfo","tag-olindina","tag-paripiranga","tag-processo-seletivo","tag-quijingue","tag-ribeira-do-amparo","tag-ribeira-do-pombal","tag-sitio-do-quinto","tag-tucano","tag-vice-diretores"],"aioseo_notices":[],"_links":{"self":[{"href":"https:\/\/www.portalalerta.com.br\/index.php\/wp-json\/wp\/v2\/posts\/51634","targetHints":{"allow":["GET"]}}],"collection":[{"href":"https:\/\/www.portalalerta.com.br\/index.php\/wp-json\/wp\/v2\/posts"}],"about":[{"href":"https:\/\/www.portalalerta.com.br\/index.php\/wp-json\/wp\/v2\/types\/post"}],"author":[{"embeddable":true,"href":"https:\/\/www.portalalerta.com.br\/index.php\/wp-json\/wp\/v2\/users\/2"}],"replies":[{"embeddable":true,"href":"https:\/\/www.portalalerta.com.br\/index.php\/wp-json\/wp\/v2\/comments?post=51634"}],"version-history":[{"count":1,"href":"https:\/\/www.portalalerta.com.br\/index.php\/wp-json\/wp\/v2\/posts\/51634\/revisions"}],"predecessor-version":[{"id":51636,"href":"https:\/\/www.portalalerta.com.br\/index.php\/wp-json\/wp\/v2\/posts\/51634\/revisions\/51636"}],"wp:featuredmedia":[{"embeddable":true,"href":"https:\/\/www.portalalerta.com.br\/index.php\/wp-json\/wp\/v2\/media\/51635"}],"wp:attachment":[{"href":"https:\/\/www.portalalerta.com.br\/index.php\/wp-json\/wp\/v2\/media?parent=51634"}],"wp:term":[{"taxonomy":"category","embeddable":true,"href":"https:\/\/www.portalalerta.com.br\/index.php\/wp-json\/wp\/v2\/categories?post=51634"},{"taxonomy":"post_tag","embeddable":true,"href":"https:\/\/www.portalalerta.com.br\/index.php\/wp-json\/wp\/v2\/tags?post=51634"}],"curies":[{"name":"wp","href":"https:\/\/api.w.org\/{rel}","templated":true}]}}