{"id":51640,"date":"2023-10-20T07:03:00","date_gmt":"2023-10-20T10:03:00","guid":{"rendered":"https:\/\/www.portalalerta.com.br\/?p=51640"},"modified":"2023-10-20T02:01:36","modified_gmt":"2023-10-20T05:01:36","slug":"idoso-de-70-anos-morre-apos-ser-atacado-por-abelhas-em-araci-ba","status":"publish","type":"post","link":"https:\/\/www.portalalerta.com.br\/index.php\/2023\/10\/20\/idoso-de-70-anos-morre-apos-ser-atacado-por-abelhas-em-araci-ba\/","title":{"rendered":"Idoso de 70 anos morre ap\u00f3s ser atacado por abelhas em Araci-BA"},"content":{"rendered":"\n<p>Um homem de 70 anos morreu ap\u00f3s ser atacado por um enxame de abelhas italianas nesta quarta-feira (18), na Fazenda Malhada da Areia, na regi\u00e3o do povoado Tapuio, em Araci-BA. Ele foi identificado como Demival de Lima e era natural de Concei\u00e7\u00e3o do Coit\u00e9.<\/p>\n\n\n\n<!--more-->\n\n\n\n<p>De acordo com informa\u00e7\u00f5es, a v\u00edtima estaria fazendo uma limpeza de pasto quando teria sido atacado pelo enxame. Demival estava sozinho no momento do acidente e morreu em frente da casa onde morava.<\/p>\n\n\n\n<p>Ao que tudo indica, ele pode ter passado por baixo de uma \u00e1rvore, onde havia um enxame de abelhas. Segundo familiares, foram <strong><em>\u201ccentenas de ferroadas\u201d<\/em><\/strong>.<\/p>\n\n\n\n<p>A Pol\u00edcia Civil fez o registro no local e encaminhou o corpo para o Departamento de Pol\u00edcia T\u00e9cnica (DPT).<\/p>\n\n\n\n<p><em>Fonte: Fique Por Dentro Agora <\/em><em>Com informa\u00e7\u00f5es: Cleriston Silva<\/em><\/p>\n","protected":false},"excerpt":{"rendered":"<p>Um homem de 70 anos morreu ap\u00f3s ser atacado por um enxame de abelhas italianas nesta quarta-feira (18), na Fazenda Malhada da Areia, na regi\u00e3o do povoado Tapuio, em Araci-BA. Ele foi identificado como Demival de Lima e era natural de Concei\u00e7\u00e3o do Coit\u00e9.<\/p>\n","protected":false},"author":2,"featured_media":51641,"comment_status":"open","ping_status":"open","sticky":false,"template":"","format":"standard","meta":{"om_disable_all_campaigns":false,"_monsterinsights_skip_tracking":false,"_monsterinsights_sitenote_active":false,"_monsterinsights_sitenote_note":"","_monsterinsights_sitenote_category":0,"footnotes":""},"categories":[41,70,69,32],"tags":[100,71,48,6373,75,4178,4180,129,107,4181,132,230,169,106,203,120,51,109,88,47,111],"class_list":["post-51640","post","type-post","status-publish","format-standard","has-post-thumbnail","hentry","category-araci","category-destaques","category-noticias2","category-regiao","tag-adustina","tag-antas","tag-araci","tag-ataque-de-abelhas","tag-cicero-dantas","tag-cipo-2","tag-crisopolis-2","tag-euclides-da-cunha","tag-fatima","tag-heliopolis-2","tag-itapicuru","tag-jeremoabo","tag-morte","tag-nova-soure","tag-novo-triunfo","tag-olindina","tag-paripiranga","tag-quijingue","tag-ribeira-do-amparo","tag-ribeira-do-pombal","tag-sitio-do-quinto"],"aioseo_notices":[],"_links":{"self":[{"href":"https:\/\/www.portalalerta.com.br\/index.php\/wp-json\/wp\/v2\/posts\/51640","targetHints":{"allow":["GET"]}}],"collection":[{"href":"https:\/\/www.portalalerta.com.br\/index.php\/wp-json\/wp\/v2\/posts"}],"about":[{"href":"https:\/\/www.portalalerta.com.br\/index.php\/wp-json\/wp\/v2\/types\/post"}],"author":[{"embeddable":true,"href":"https:\/\/www.portalalerta.com.br\/index.php\/wp-json\/wp\/v2\/users\/2"}],"replies":[{"embeddable":true,"href":"https:\/\/www.portalalerta.com.br\/index.php\/wp-json\/wp\/v2\/comments?post=51640"}],"version-history":[{"count":1,"href":"https:\/\/www.portalalerta.com.br\/index.php\/wp-json\/wp\/v2\/posts\/51640\/revisions"}],"predecessor-version":[{"id":51642,"href":"https:\/\/www.portalalerta.com.br\/index.php\/wp-json\/wp\/v2\/posts\/51640\/revisions\/51642"}],"wp:featuredmedia":[{"embeddable":true,"href":"https:\/\/www.portalalerta.com.br\/index.php\/wp-json\/wp\/v2\/media\/51641"}],"wp:attachment":[{"href":"https:\/\/www.portalalerta.com.br\/index.php\/wp-json\/wp\/v2\/media?parent=51640"}],"wp:term":[{"taxonomy":"category","embeddable":true,"href":"https:\/\/www.portalalerta.com.br\/index.php\/wp-json\/wp\/v2\/categories?post=51640"},{"taxonomy":"post_tag","embeddable":true,"href":"https:\/\/www.portalalerta.com.br\/index.php\/wp-json\/wp\/v2\/tags?post=51640"}],"curies":[{"name":"wp","href":"https:\/\/api.w.org\/{rel}","templated":true}]}}