{"id":51646,"date":"2023-10-20T11:01:00","date_gmt":"2023-10-20T14:01:00","guid":{"rendered":"https:\/\/www.portalalerta.com.br\/?p=51646"},"modified":"2023-10-20T02:16:58","modified_gmt":"2023-10-20T05:16:58","slug":"judiciario-precisa-aprimorar-suas-atividades-diz-pacheco-em-debate-sobre-pec-que-limita-poderes-do-stf","status":"publish","type":"post","link":"https:\/\/www.portalalerta.com.br\/index.php\/2023\/10\/20\/judiciario-precisa-aprimorar-suas-atividades-diz-pacheco-em-debate-sobre-pec-que-limita-poderes-do-stf\/","title":{"rendered":"\u201cJudici\u00e1rio precisa aprimorar suas atividades\u201d, diz Pacheco em debate sobre PEC que limita poderes do STF"},"content":{"rendered":"\n<p>O presidente do Senado, Rodrigo Pacheco (PSD-MG), afirmou nesta quinta-feira (19) que o Poder Judici\u00e1rio, assim como o Executivo e o Legislativo, precisa evoluir e aprimorar a sua atua\u00e7\u00e3o.<\/p>\n\n\n\n<!--more-->\n\n\n\n<p>Segundo Pacheco, a Proposta de Emenda \u00e0 Constitui\u00e7\u00e3o (PEC) que limita os poderes do Supremo Tribunal Federal (STF), em tramita\u00e7\u00e3o na Casa, \u00e9 sinal de \u201cprofundo respeito\u201d.<\/p>\n\n\n\n<p><strong><em>\u201cAssim como os demais Poderes, o Poder Judici\u00e1rio precisa aprimorar as suas atividades. A maneira de agir, de julgar e de servir o povo brasileiro est\u00e1 em constante evolu\u00e7\u00e3o. A sociedade muda, o direito muda e a constitui\u00e7\u00e3o muda\u201d,<\/em><\/strong> afirmou.<\/p>\n\n\n<div class=\"wp-block-image\">\n<figure class=\"alignleft size-full\"><img fetchpriority=\"high\" decoding=\"async\" width=\"400\" height=\"300\" src=\"https:\/\/www.portalalerta.com.br\/wp-content\/uploads\/2023\/01\/Auto-Escola-Sonho.jpg\" alt=\"\" class=\"wp-image-47083\" srcset=\"https:\/\/www.portalalerta.com.br\/wp-content\/uploads\/2023\/01\/Auto-Escola-Sonho.jpg 400w, https:\/\/www.portalalerta.com.br\/wp-content\/uploads\/2023\/01\/Auto-Escola-Sonho-320x240.jpg 320w\" sizes=\"(max-width: 400px) 100vw, 400px\" \/><\/figure><\/div>\n\n\n<p>A declara\u00e7\u00e3o ocorreu durante debate sobre a proposta no Senado, por iniciativa pr\u00f3pria da presid\u00eancia da Casa, que contou com especialistas em direito constitucional.<\/p>\n\n\n\n<p><strong><em>\u201cSabemos tamb\u00e9m que os Tr\u00eas Poderes do Brasil s\u00e3o independentes e harm\u00f4nicos, conforme reza a nossa constitui\u00e7\u00e3o federal. Poder Executivo, Poder Legislativo, Poder Judici\u00e1rio tem cada um fun\u00e7\u00f5es, particularidades e deveres perante a sociedade. E podem sempre evoluir, aperfei\u00e7oar a sua atua\u00e7\u00e3o, seja por iniciativa pr\u00f3pria, seja com a constitui\u00e7\u00e3o de um outro poder, que, sem desrespeitar a autonomia alheia, proponha formas mais modernas de atender os anseios do povo\u201d<\/em><\/strong>, completou Pacheco.<\/p>\n\n\n\n<p>O autor da PEC, Oriovisto Guimar\u00e3es (Podemos-PR), acredita que depois desse debate o texto estar\u00e1 pronto para ir \u00e0 vota\u00e7\u00e3o.<\/p>\n\n\n\n<p><strong><em>\u201cJ\u00e1 devia ter decidido quatro anos atr\u00e1s. Essa \u00e9 uma quest\u00e3o estruturante para o pa\u00eds. Hoje temos um desequil\u00edbrio entre os Poderes. Hoje 513 deputados aprovam, 81 senadores aprovam, o presidente homologa e um \u00fanico ministro diz que a lei n\u00e3o vale. Hoje temos 11 Supremos, cada um faz o que quer. Voc\u00ea acha que isso \u00e9 poder equilibrado?\u201d<\/em><\/strong>, afirmou o senador \u00e0&nbsp;<strong>CNN<\/strong>.<\/p>\n\n\n\n<p>Alguns l\u00edderes pressionam para que o texto seja colocado em vota\u00e7\u00e3o na pr\u00f3xima semana. Eles avaliam a possibilidade de apresentar um requerimento especial sugerindo a antecipa\u00e7\u00e3o da vota\u00e7\u00e3o para a pr\u00f3xima semana.<\/p>\n\n\n\n<p>Pessoas pr\u00f3ximas ao presidente do Senado afirmam, no entanto, que Rodrigo Pacheco deve respeitar o prazo de cinco sess\u00f5es, conforme prev\u00ea o regimento interno do Senado.<\/p>\n\n\n\n<p><strong>Congresso x STF<\/strong><\/p>\n\n\n\n<p>A Proposta de Emenda \u00e0 Constitui\u00e7\u00e3o (PEC) 8\/2021, que limita decis\u00f5es monocr\u00e1ticas e pedidos de vista nos tribunais superiores, foi aprovada pela Comiss\u00e3o de Constitui\u00e7\u00e3o e Justi\u00e7a (CCJ) do Senado no dia 4 de outubro.<\/p>\n\n\n\n<p>A aprova\u00e7\u00e3o ocorreu em meio \u00e0 escalada de tens\u00e3o entre o STF e o Congresso, com decis\u00f5es divergentes em pautas como o marco temporal para demarca\u00e7\u00e3o de territ\u00f3rios ind\u00edgenas e a discuss\u00e3o para delimitar os mandatos dos ministros, que hoje duram at\u00e9 sua aposentadoria compuls\u00f3ria, aos 75 anos.<\/p>\n\n\n\n<p>A proposta do senador Oriovisto Guimar\u00e3es prop\u00f5e que magistrados do STF n\u00e3o poder\u00e3o, por meio de decis\u00e3o individual, cassar atos dos presidentes da Rep\u00fablica, do Senado ou da C\u00e2mara, ou que suspendam efic\u00e1cia de lei ou ato normativo de efeito geral.<\/p>\n\n\n\n<p><em>Fonte: CNN<\/em><\/p>\n","protected":false},"excerpt":{"rendered":"<p>O presidente do Senado, Rodrigo Pacheco (PSD-MG), afirmou nesta quinta-feira (19) que o Poder Judici\u00e1rio, assim como o Executivo e o Legislativo, precisa evoluir e aprimorar a sua atua\u00e7\u00e3o.<\/p>\n","protected":false},"author":2,"featured_media":32518,"comment_status":"open","ping_status":"open","sticky":false,"template":"","format":"standard","meta":{"om_disable_all_campaigns":false,"_monsterinsights_skip_tracking":false,"_monsterinsights_sitenote_active":false,"_monsterinsights_sitenote_note":"","_monsterinsights_sitenote_category":0,"footnotes":""},"categories":[34,70,69,21],"tags":[100,71,48,93,75,4178,234,4180,129,107,4181,132,230,106,203,120,51,109,88,47,235,111,216],"class_list":["post-51646","post","type-post","status-publish","format-standard","has-post-thumbnail","hentry","category-brasil","category-destaques","category-noticias2","category-politica","tag-adustina","tag-antas","tag-araci","tag-brasil","tag-cicero-dantas","tag-cipo-2","tag-congresso-nacional","tag-crisopolis-2","tag-euclides-da-cunha","tag-fatima","tag-heliopolis-2","tag-itapicuru","tag-jeremoabo","tag-nova-soure","tag-novo-triunfo","tag-olindina","tag-paripiranga","tag-quijingue","tag-ribeira-do-amparo","tag-ribeira-do-pombal","tag-senado-federal","tag-sitio-do-quinto","tag-stf"],"aioseo_notices":[],"_links":{"self":[{"href":"https:\/\/www.portalalerta.com.br\/index.php\/wp-json\/wp\/v2\/posts\/51646","targetHints":{"allow":["GET"]}}],"collection":[{"href":"https:\/\/www.portalalerta.com.br\/index.php\/wp-json\/wp\/v2\/posts"}],"about":[{"href":"https:\/\/www.portalalerta.com.br\/index.php\/wp-json\/wp\/v2\/types\/post"}],"author":[{"embeddable":true,"href":"https:\/\/www.portalalerta.com.br\/index.php\/wp-json\/wp\/v2\/users\/2"}],"replies":[{"embeddable":true,"href":"https:\/\/www.portalalerta.com.br\/index.php\/wp-json\/wp\/v2\/comments?post=51646"}],"version-history":[{"count":1,"href":"https:\/\/www.portalalerta.com.br\/index.php\/wp-json\/wp\/v2\/posts\/51646\/revisions"}],"predecessor-version":[{"id":51647,"href":"https:\/\/www.portalalerta.com.br\/index.php\/wp-json\/wp\/v2\/posts\/51646\/revisions\/51647"}],"wp:featuredmedia":[{"embeddable":true,"href":"https:\/\/www.portalalerta.com.br\/index.php\/wp-json\/wp\/v2\/media\/32518"}],"wp:attachment":[{"href":"https:\/\/www.portalalerta.com.br\/index.php\/wp-json\/wp\/v2\/media?parent=51646"}],"wp:term":[{"taxonomy":"category","embeddable":true,"href":"https:\/\/www.portalalerta.com.br\/index.php\/wp-json\/wp\/v2\/categories?post=51646"},{"taxonomy":"post_tag","embeddable":true,"href":"https:\/\/www.portalalerta.com.br\/index.php\/wp-json\/wp\/v2\/tags?post=51646"}],"curies":[{"name":"wp","href":"https:\/\/api.w.org\/{rel}","templated":true}]}}