{"id":51648,"date":"2023-10-20T11:02:00","date_gmt":"2023-10-20T14:02:00","guid":{"rendered":"https:\/\/www.portalalerta.com.br\/?p=51648"},"modified":"2023-10-20T02:41:36","modified_gmt":"2023-10-20T05:41:36","slug":"forcas-de-seguranca-comemoram-baixo-numero-de-ocorrencias-durante-a-festa-de-outubro-em-ribeira-do-pombal-ba","status":"publish","type":"post","link":"https:\/\/www.portalalerta.com.br\/index.php\/2023\/10\/20\/forcas-de-seguranca-comemoram-baixo-numero-de-ocorrencias-durante-a-festa-de-outubro-em-ribeira-do-pombal-ba\/","title":{"rendered":"For\u00e7as de Seguran\u00e7a comemoram baixo n\u00famero de ocorr\u00eancias durante a festa de outubro em Ribeira do Pombal-BA"},"content":{"rendered":"\n<p>H\u00e1 quase uma semana do t\u00e9rmino da maior festa de outubro de Ribeira do Pombal-BA, o evento ainda est\u00e1 sendo repercutido.<\/p>\n\n\n\n<!--more-->\n\n\n\n<p>Organiza\u00e7\u00e3o, atra\u00e7\u00f5es, espa\u00e7o disponibilizados, entre outros assuntos t\u00eam sido bastante elogiados, sendo pontuados positivamente em rela\u00e7\u00e3o ao evento. Mas tamb\u00e9m muito se falou a respeito da seguran\u00e7a, destacando o baix\u00edssimo n\u00famero de ocorr\u00eancias, numa festa que teve uma m\u00e9dia de 30 mil pessoas\/dia.<\/p>\n\n\n<div class=\"wp-block-image\">\n<figure class=\"alignleft size-large is-resized\"><img fetchpriority=\"high\" decoding=\"async\" src=\"https:\/\/www.portalalerta.com.br\/wp-content\/uploads\/2023\/10\/Real-Aniversario-2023-1024x1024.jpg\" alt=\"\" class=\"wp-image-51409\" width=\"416\" height=\"416\" srcset=\"https:\/\/www.portalalerta.com.br\/wp-content\/uploads\/2023\/10\/Real-Aniversario-2023-1024x1024.jpg 1024w, https:\/\/www.portalalerta.com.br\/wp-content\/uploads\/2023\/10\/Real-Aniversario-2023-240x240.jpg 240w, https:\/\/www.portalalerta.com.br\/wp-content\/uploads\/2023\/10\/Real-Aniversario-2023-768x768.jpg 768w, https:\/\/www.portalalerta.com.br\/wp-content\/uploads\/2023\/10\/Real-Aniversario-2023-1536x1536.jpg 1536w, https:\/\/www.portalalerta.com.br\/wp-content\/uploads\/2023\/10\/Real-Aniversario-2023.jpg 1600w\" sizes=\"(max-width: 416px) 100vw, 416px\" \/><\/figure><\/div>\n\n\n<p>O Comandante da 21\u00aa CIPM, Major Jos\u00e9 Lu\u00eds, comemorou o feito, ao mesmo tempo em que tratou as pouqu\u00edssimas ocorr\u00eancias envolvendo vias de fato e posse de drogas, como irrelevantes, atribuindo ao compromisso di\u00e1rio dos mais de 60 agentes de seguran\u00e7a p\u00fablica presentes no Complexo Ferreira Brito, a saber: <strong>Pol\u00edcia Civil, Guarda Civil Municipal, Corpo de Bombeiros Militares, e Pol\u00edcia Militar (21\u00aa CIPM, CIPE Nordeste e Rondesp Nordeste)<\/strong>.<\/p>\n\n\n\n<p><strong><em>\u201cTemos que destacar tamb\u00e9m o entendimento da popula\u00e7\u00e3o, que demonstrou esp\u00edrito de divers\u00e3o, e foi uma grande parceira da pol\u00edcia neste momento de festa. Esse \u00e9 o verdadeiro sentido da Seguran\u00e7a P\u00fablica: que a popula\u00e7\u00e3o entenda que pode contar conosco sempre que precisar, ao mesmo tempo em que ficamos felizes ao poder contar com a sociedade\u201d<\/em><\/strong>, concluiu.<\/p>\n\n\n\n<p><em>Reda\u00e7\u00e3o: Portal Alerta<\/em><\/p>\n","protected":false},"excerpt":{"rendered":"<p>H\u00e1 quase uma semana do t\u00e9rmino da maior festa de outubro de Ribeira do Pombal-BA, o evento ainda est\u00e1 sendo repercutido.<\/p>\n","protected":false},"author":2,"featured_media":51649,"comment_status":"open","ping_status":"open","sticky":false,"template":"","format":"standard","meta":{"om_disable_all_campaigns":false,"_monsterinsights_skip_tracking":false,"_monsterinsights_sitenote_active":false,"_monsterinsights_sitenote_note":"","_monsterinsights_sitenote_category":0,"footnotes":""},"categories":[70,36,69,32,3,22],"tags":[100,71,48,75,4178,4180,129,107,914,4181,132,230,106,203,120,51,122,79,109,88,47,397,111],"class_list":["post-51648","post","type-post","status-publish","format-standard","has-post-thumbnail","hentry","category-destaques","category-lazer","category-noticias2","category-regiao","category-ribeira-do-pombal","category-seguranca","tag-adustina","tag-antas","tag-araci","tag-cicero-dantas","tag-cipo-2","tag-crisopolis-2","tag-euclides-da-cunha","tag-fatima","tag-festa-de-outubro","tag-heliopolis-2","tag-itapicuru","tag-jeremoabo","tag-nova-soure","tag-novo-triunfo","tag-olindina","tag-paripiranga","tag-policia-civil","tag-policia-militar","tag-quijingue","tag-ribeira-do-amparo","tag-ribeira-do-pombal","tag-seguranca","tag-sitio-do-quinto"],"aioseo_notices":[],"_links":{"self":[{"href":"https:\/\/www.portalalerta.com.br\/index.php\/wp-json\/wp\/v2\/posts\/51648","targetHints":{"allow":["GET"]}}],"collection":[{"href":"https:\/\/www.portalalerta.com.br\/index.php\/wp-json\/wp\/v2\/posts"}],"about":[{"href":"https:\/\/www.portalalerta.com.br\/index.php\/wp-json\/wp\/v2\/types\/post"}],"author":[{"embeddable":true,"href":"https:\/\/www.portalalerta.com.br\/index.php\/wp-json\/wp\/v2\/users\/2"}],"replies":[{"embeddable":true,"href":"https:\/\/www.portalalerta.com.br\/index.php\/wp-json\/wp\/v2\/comments?post=51648"}],"version-history":[{"count":1,"href":"https:\/\/www.portalalerta.com.br\/index.php\/wp-json\/wp\/v2\/posts\/51648\/revisions"}],"predecessor-version":[{"id":51650,"href":"https:\/\/www.portalalerta.com.br\/index.php\/wp-json\/wp\/v2\/posts\/51648\/revisions\/51650"}],"wp:featuredmedia":[{"embeddable":true,"href":"https:\/\/www.portalalerta.com.br\/index.php\/wp-json\/wp\/v2\/media\/51649"}],"wp:attachment":[{"href":"https:\/\/www.portalalerta.com.br\/index.php\/wp-json\/wp\/v2\/media?parent=51648"}],"wp:term":[{"taxonomy":"category","embeddable":true,"href":"https:\/\/www.portalalerta.com.br\/index.php\/wp-json\/wp\/v2\/categories?post=51648"},{"taxonomy":"post_tag","embeddable":true,"href":"https:\/\/www.portalalerta.com.br\/index.php\/wp-json\/wp\/v2\/tags?post=51648"}],"curies":[{"name":"wp","href":"https:\/\/api.w.org\/{rel}","templated":true}]}}