{"id":51748,"date":"2023-10-26T00:17:05","date_gmt":"2023-10-26T03:17:05","guid":{"rendered":"https:\/\/www.portalalerta.com.br\/?p=51748"},"modified":"2023-10-26T00:17:06","modified_gmt":"2023-10-26T03:17:06","slug":"vereador-pombalense-perde-mandato-apos-ser-condenado-por-violencia-domestica","status":"publish","type":"post","link":"https:\/\/www.portalalerta.com.br\/index.php\/2023\/10\/26\/vereador-pombalense-perde-mandato-apos-ser-condenado-por-violencia-domestica\/","title":{"rendered":"Vereador pombalense perde mandato ap\u00f3s ser condenado por viol\u00eancia dom\u00e9stica"},"content":{"rendered":"\n<p>A decis\u00e3o assinada pelo juiz de Direito da Vara Crime de Ribeira do Pombal-BA, Dr. Paulo Henrique Santos Santana, nesta ter\u00e7a-feira (24) mexeu com o cen\u00e1rio pol\u00edtico na cidade, nesta quarta-feira (25).<\/p>\n\n\n\n<!--more-->\n\n\n\n<p>Tudo por conta da condena\u00e7\u00e3o do vereador Alessandro de Melo Gomes Calasans (PP), num processo em que \u00e9 acusado da autoria de viol\u00eancia dom\u00e9stica, tendo como v\u00edtima sua ex-esposa. Na decis\u00e3o, Alessandro foi condenado a uma pena alternativa, em que ter\u00e1 que prestar servi\u00e7os comunit\u00e1rios.<\/p>\n\n\n<div class=\"wp-block-image\">\n<figure class=\"alignleft size-full is-resized\"><img fetchpriority=\"high\" decoding=\"async\" src=\"https:\/\/www.portalalerta.com.br\/wp-content\/uploads\/2021\/04\/ELAB.jpg\" alt=\"\" class=\"wp-image-34795\" width=\"414\" height=\"330\" srcset=\"https:\/\/www.portalalerta.com.br\/wp-content\/uploads\/2021\/04\/ELAB.jpg 1000w, https:\/\/www.portalalerta.com.br\/wp-content\/uploads\/2021\/04\/ELAB-300x240.jpg 300w, https:\/\/www.portalalerta.com.br\/wp-content\/uploads\/2021\/04\/ELAB-768x614.jpg 768w, https:\/\/www.portalalerta.com.br\/wp-content\/uploads\/2021\/04\/ELAB-183x146.jpg 183w, https:\/\/www.portalalerta.com.br\/wp-content\/uploads\/2021\/04\/ELAB-50x40.jpg 50w, https:\/\/www.portalalerta.com.br\/wp-content\/uploads\/2021\/04\/ELAB-94x75.jpg 94w\" sizes=\"(max-width: 414px) 100vw, 414px\" \/><\/figure><\/div>\n\n\n<p>A senten\u00e7a n\u00e3o ficou restrita apenas ao \u00e2mbito criminal, por\u00e9m se estendeu para o campo pol\u00edtico, j\u00e1 que pelo simples fato de ter sido condenado criminalmente transitado em julgado, implica na imediata suspens\u00e3o dos direitos pol\u00edticos, conforme previsto na Constitui\u00e7\u00e3o Federal, bem como na Lei Org\u00e2nica do Munic\u00edpio: <strong><em>\u201cTendo em vista que a condena\u00e7\u00e3o criminal transitada em julgado implica imediata suspens\u00e3o dos direitos pol\u00edticos, nos termos do art. 15, III, da CF, oficie-se a C\u00e2mara Municipal de Ribeira do Pombal\/BA para ado\u00e7\u00e3o das medidas cab\u00edveis, observando-se o quanto estabelece o art. 29, IX, da CF\u201d<\/em><\/strong>, concluiu o magistrado.<\/p>\n\n\n\n<p>Desta forma, entende-se que <strong>\u201cAlessandro de Dad\u00e1\u201d<\/strong> como \u00e9 conhecido, dever\u00e1 ser substitu\u00eddo pelo primeiro suplente, a pouco menos de um ano das elei\u00e7\u00f5es municipais.<\/p>\n\n\n\n<p><strong>O DRAMA<\/strong><\/p>\n\n\n\n<p>O drama de Alessandro tem sido acompanhado j\u00e1 h\u00e1 alguns anos. Por conta deste mesmo processo, no qual foi condenado, Alessandro foi preso em 2021, tendo sua liberdade cerceada por mais de 60 dias, acusado de quebrar uma medida protetiva.<\/p>\n\n\n\n<p>Em outubro do mesmo ano, o edil j\u00e1 havia sido condenado a 09 meses de deten\u00e7\u00e3o, por conta da quebra da medida protetiva, por\u00e9m foi absolvido na C\u00e2mara de Vereadores sob a alega\u00e7\u00e3o de falta de provas.<\/p>\n\n\n\n<p>Um dos herdeiros pol\u00edticos do saudoso Edvaldo Cardoso Calasans (Dad\u00e1), ex-prefeito de Ribeira do Pombal-BA, Alessandro est\u00e1 em seu segundo mandato no legislativo pombalense, ap\u00f3s ter conquistado 762 votos no \u00faltimo pleito.<\/p>\n\n\n\n<p>Clique <strong><a href=\"https:\/\/www.portalalerta.com.br\/?s=Alessandro+de+Melo+Gomes+Calasans\">AQUI<\/a><\/strong> e acompanhe tudo sobre o caso Alessandro.<\/p>\n\n\n\n<p><em>Reda\u00e7\u00e3o: Portal Alerta<\/em><\/p>\n","protected":false},"excerpt":{"rendered":"<p>A decis\u00e3o assinada pelo juiz de Direito da Vara Crime de Ribeira do Pombal-BA, Dr. Paulo Henrique Santos Santana, nesta ter\u00e7a-feira (24) mexeu com o cen\u00e1rio pol\u00edtico na cidade, nesta quarta-feira (25).<\/p>\n","protected":false},"author":2,"featured_media":38085,"comment_status":"open","ping_status":"open","sticky":false,"template":"","format":"standard","meta":{"om_disable_all_campaigns":false,"_monsterinsights_skip_tracking":false,"_monsterinsights_sitenote_active":false,"_monsterinsights_sitenote_note":"","_monsterinsights_sitenote_category":0,"footnotes":""},"categories":[70,69,21,32,3,22],"tags":[100,4701,71,48,644,75,4178,316,4180,129,107,4181,132,230,106,203,120,51,109,88,47,111,190,80,523],"class_list":["post-51748","post","type-post","status-publish","format-standard","has-post-thumbnail","hentry","category-destaques","category-noticias2","category-politica","category-regiao","category-ribeira-do-pombal","category-seguranca","tag-adustina","tag-alessandro-de-dada","tag-antas","tag-araci","tag-cassacao","tag-cicero-dantas","tag-cipo-2","tag-condenacao","tag-crisopolis-2","tag-euclides-da-cunha","tag-fatima","tag-heliopolis-2","tag-itapicuru","tag-jeremoabo","tag-nova-soure","tag-novo-triunfo","tag-olindina","tag-paripiranga","tag-quijingue","tag-ribeira-do-amparo","tag-ribeira-do-pombal","tag-sitio-do-quinto","tag-tucano","tag-vereador","tag-violencia-domestica"],"aioseo_notices":[],"_links":{"self":[{"href":"https:\/\/www.portalalerta.com.br\/index.php\/wp-json\/wp\/v2\/posts\/51748","targetHints":{"allow":["GET"]}}],"collection":[{"href":"https:\/\/www.portalalerta.com.br\/index.php\/wp-json\/wp\/v2\/posts"}],"about":[{"href":"https:\/\/www.portalalerta.com.br\/index.php\/wp-json\/wp\/v2\/types\/post"}],"author":[{"embeddable":true,"href":"https:\/\/www.portalalerta.com.br\/index.php\/wp-json\/wp\/v2\/users\/2"}],"replies":[{"embeddable":true,"href":"https:\/\/www.portalalerta.com.br\/index.php\/wp-json\/wp\/v2\/comments?post=51748"}],"version-history":[{"count":1,"href":"https:\/\/www.portalalerta.com.br\/index.php\/wp-json\/wp\/v2\/posts\/51748\/revisions"}],"predecessor-version":[{"id":51749,"href":"https:\/\/www.portalalerta.com.br\/index.php\/wp-json\/wp\/v2\/posts\/51748\/revisions\/51749"}],"wp:featuredmedia":[{"embeddable":true,"href":"https:\/\/www.portalalerta.com.br\/index.php\/wp-json\/wp\/v2\/media\/38085"}],"wp:attachment":[{"href":"https:\/\/www.portalalerta.com.br\/index.php\/wp-json\/wp\/v2\/media?parent=51748"}],"wp:term":[{"taxonomy":"category","embeddable":true,"href":"https:\/\/www.portalalerta.com.br\/index.php\/wp-json\/wp\/v2\/categories?post=51748"},{"taxonomy":"post_tag","embeddable":true,"href":"https:\/\/www.portalalerta.com.br\/index.php\/wp-json\/wp\/v2\/tags?post=51748"}],"curies":[{"name":"wp","href":"https:\/\/api.w.org\/{rel}","templated":true}]}}