{"id":51782,"date":"2023-10-27T22:54:05","date_gmt":"2023-10-28T01:54:05","guid":{"rendered":"https:\/\/www.portalalerta.com.br\/?p=51782"},"modified":"2023-10-27T22:54:06","modified_gmt":"2023-10-28T01:54:06","slug":"camara-de-vereadores-inicia-processo-de-cassacao-do-mandato-do-vereador-alessandro-de-dada","status":"publish","type":"post","link":"https:\/\/www.portalalerta.com.br\/index.php\/2023\/10\/27\/camara-de-vereadores-inicia-processo-de-cassacao-do-mandato-do-vereador-alessandro-de-dada\/","title":{"rendered":"C\u00e2mara de Vereadores inicia processo de Cassa\u00e7\u00e3o do mandato do vereador Alessandro de Dad\u00e1"},"content":{"rendered":"\n<p>Na Sess\u00e3o da C\u00e2mara de Vereadores de Ribeira do Pombal-BA, realizada na \u00faltima quinta-feira (26), o presidente da Casa, vereador Ronival Gois Rodrigues (Roni de Z\u00e9 Careca), anunciou o in\u00edcio do processo de Cassa\u00e7\u00e3o do mandato do vereador Alessandro de Melo Gomes Calasans (PP).<\/p>\n\n\n\n<!--more-->\n\n\n<div class=\"wp-block-image\">\n<figure class=\"alignleft size-full is-resized\"><img fetchpriority=\"high\" decoding=\"async\" src=\"https:\/\/www.portalalerta.com.br\/wp-content\/uploads\/2021\/04\/ELAB.jpg\" alt=\"\" class=\"wp-image-34795\" width=\"440\" height=\"351\" srcset=\"https:\/\/www.portalalerta.com.br\/wp-content\/uploads\/2021\/04\/ELAB.jpg 1000w, https:\/\/www.portalalerta.com.br\/wp-content\/uploads\/2021\/04\/ELAB-300x240.jpg 300w, https:\/\/www.portalalerta.com.br\/wp-content\/uploads\/2021\/04\/ELAB-768x614.jpg 768w, https:\/\/www.portalalerta.com.br\/wp-content\/uploads\/2021\/04\/ELAB-183x146.jpg 183w, https:\/\/www.portalalerta.com.br\/wp-content\/uploads\/2021\/04\/ELAB-50x40.jpg 50w, https:\/\/www.portalalerta.com.br\/wp-content\/uploads\/2021\/04\/ELAB-94x75.jpg 94w\" sizes=\"(max-width: 440px) 100vw, 440px\" \/><\/figure><\/div>\n\n\n<p>O processo contra Alessandro de Dad\u00e1, como \u00e9 conhecido, teve in\u00edcio ap\u00f3s o edil ter sido condenado num processo em tr\u00e2nsito julgado, por conta de um crime de viol\u00eancia dom\u00e9stica. Com base no artigo 15, III, da Constitui\u00e7\u00e3o Federal, que afirma que a suspens\u00e3o dos direitos pol\u00edticos \u00e9 autoaplic\u00e1vel e consequ\u00eancia imediata da senten\u00e7a penal condenat\u00f3ria transitada em julgado. <strong><a href=\"https:\/\/www.portalalerta.com.br\/index.php\/2023\/10\/26\/vereador-pombalense-perde-mandato-apos-ser-condenado-por-violencia-domestica\/\">Relembre<\/a><\/strong><\/p>\n\n\n\n<p>De acordo com Roni, Alessandro j\u00e1 foi notificado e ter\u00e1 um prazo de 10 dias para apresentar defesa, e posteriormente a decis\u00e3o dever\u00e1 ser proferida pela Mesa Diretora, n\u00e3o necessitando passar pelo Plen\u00e1rio.<\/p>\n\n\n\n<p><em>Reda\u00e7\u00e3o: Portal Alerta<\/em><\/p>\n","protected":false},"excerpt":{"rendered":"<p>Na Sess\u00e3o da C\u00e2mara de Vereadores de Ribeira do Pombal-BA, realizada na \u00faltima quinta-feira (26), o presidente da Casa, vereador Ronival Gois Rodrigues (Roni de Z\u00e9 Careca), anunciou o in\u00edcio do processo de Cassa\u00e7\u00e3o do mandato do vereador Alessandro de Melo Gomes Calasans (PP).<\/p>\n","protected":false},"author":2,"featured_media":51783,"comment_status":"open","ping_status":"open","sticky":false,"template":"","format":"standard","meta":{"om_disable_all_campaigns":false,"_monsterinsights_skip_tracking":false,"_monsterinsights_sitenote_active":false,"_monsterinsights_sitenote_note":"","_monsterinsights_sitenote_category":0,"footnotes":""},"categories":[70,69,21,32,3],"tags":[100,71,48,211,644,75,4178,4180,129,107,4181,132,230,106,203,120,51,109,88,47,111,80],"class_list":["post-51782","post","type-post","status-publish","format-standard","has-post-thumbnail","hentry","category-destaques","category-noticias2","category-politica","category-regiao","category-ribeira-do-pombal","tag-adustina","tag-antas","tag-araci","tag-camara-de-vereadores","tag-cassacao","tag-cicero-dantas","tag-cipo-2","tag-crisopolis-2","tag-euclides-da-cunha","tag-fatima","tag-heliopolis-2","tag-itapicuru","tag-jeremoabo","tag-nova-soure","tag-novo-triunfo","tag-olindina","tag-paripiranga","tag-quijingue","tag-ribeira-do-amparo","tag-ribeira-do-pombal","tag-sitio-do-quinto","tag-vereador"],"aioseo_notices":[],"_links":{"self":[{"href":"https:\/\/www.portalalerta.com.br\/index.php\/wp-json\/wp\/v2\/posts\/51782","targetHints":{"allow":["GET"]}}],"collection":[{"href":"https:\/\/www.portalalerta.com.br\/index.php\/wp-json\/wp\/v2\/posts"}],"about":[{"href":"https:\/\/www.portalalerta.com.br\/index.php\/wp-json\/wp\/v2\/types\/post"}],"author":[{"embeddable":true,"href":"https:\/\/www.portalalerta.com.br\/index.php\/wp-json\/wp\/v2\/users\/2"}],"replies":[{"embeddable":true,"href":"https:\/\/www.portalalerta.com.br\/index.php\/wp-json\/wp\/v2\/comments?post=51782"}],"version-history":[{"count":1,"href":"https:\/\/www.portalalerta.com.br\/index.php\/wp-json\/wp\/v2\/posts\/51782\/revisions"}],"predecessor-version":[{"id":51784,"href":"https:\/\/www.portalalerta.com.br\/index.php\/wp-json\/wp\/v2\/posts\/51782\/revisions\/51784"}],"wp:featuredmedia":[{"embeddable":true,"href":"https:\/\/www.portalalerta.com.br\/index.php\/wp-json\/wp\/v2\/media\/51783"}],"wp:attachment":[{"href":"https:\/\/www.portalalerta.com.br\/index.php\/wp-json\/wp\/v2\/media?parent=51782"}],"wp:term":[{"taxonomy":"category","embeddable":true,"href":"https:\/\/www.portalalerta.com.br\/index.php\/wp-json\/wp\/v2\/categories?post=51782"},{"taxonomy":"post_tag","embeddable":true,"href":"https:\/\/www.portalalerta.com.br\/index.php\/wp-json\/wp\/v2\/tags?post=51782"}],"curies":[{"name":"wp","href":"https:\/\/api.w.org\/{rel}","templated":true}]}}