{"id":51880,"date":"2023-10-31T09:03:00","date_gmt":"2023-10-31T12:03:00","guid":{"rendered":"https:\/\/www.portalalerta.com.br\/?p=51880"},"modified":"2023-10-31T01:21:57","modified_gmt":"2023-10-31T04:21:57","slug":"presidente-da-camara-de-cicero-dantas-ba-apresenta-indicacao-para-criacao-de-bolsa-presenca-municipal-para-alunos-do-eja","status":"publish","type":"post","link":"https:\/\/www.portalalerta.com.br\/index.php\/2023\/10\/31\/presidente-da-camara-de-cicero-dantas-ba-apresenta-indicacao-para-criacao-de-bolsa-presenca-municipal-para-alunos-do-eja\/","title":{"rendered":"Presidente da C\u00e2mara de C\u00edcero Dantas-BA apresenta indica\u00e7\u00e3o para cria\u00e7\u00e3o de Bolsa Presen\u00e7a Municipal para alunos do EJA"},"content":{"rendered":"\n<p>Mat\u00e9ria foi aprovada por unanimidade na sess\u00e3o ordin\u00e1ria desta ter\u00e7a-feira (24)<\/p>\n\n\n\n<!--more-->\n\n\n\n<p>O vereador e presidente da C\u00e2mara Municipal de C\u00edcero Dantas-BA, Abelardo J\u00fanior (PP), protocolou na mesa diretora do Poder Legislativo uma indica\u00e7\u00e3o para que a administra\u00e7\u00e3o municipal por meio da Secretaria de Educa\u00e7\u00e3o, crie o programa de aux\u00edlio para estudantes do segmento do EJA (Educa\u00e7\u00e3o de Jovens e Adultos), Bolsa Presen\u00e7a. A iniciativa visa proporcionar um apoio para que estudantes possam se manter na sala de aula, e assim, concluir sua forma\u00e7\u00e3o educacional b\u00e1sica.<\/p>\n\n\n<div class=\"wp-block-image\">\n<figure class=\"alignleft size-full\"><img fetchpriority=\"high\" decoding=\"async\" width=\"400\" height=\"300\" src=\"https:\/\/www.portalalerta.com.br\/wp-content\/uploads\/2023\/01\/Auto-Escola-Sonho.jpg\" alt=\"\" class=\"wp-image-47083\" srcset=\"https:\/\/www.portalalerta.com.br\/wp-content\/uploads\/2023\/01\/Auto-Escola-Sonho.jpg 400w, https:\/\/www.portalalerta.com.br\/wp-content\/uploads\/2023\/01\/Auto-Escola-Sonho-320x240.jpg 320w\" sizes=\"(max-width: 400px) 100vw, 400px\" \/><\/figure><\/div>\n\n\n<p>De acordo com Abelardo, a ideia \u00e9 que o aux\u00edlio entre em vigor j\u00e1 no in\u00edcio do ano de 2024, e ele, inclusive, mencionou uma faixa de valor para o benef\u00edcio: <strong><em>\u201cEu indico at\u00e9 um valor, de150 a 200 reais mensais. Para que esses alunos sejam estimulados a estar, sem sombras de d\u00favidas, de forma ass\u00eddua na sala de aula, consequentemente, obtenham o aprendizado\u201d<\/em><\/strong>.<\/p>\n\n\n\n<p>Como os vereadores n\u00e3o podem apresentar projetos de lei que onerem os cofres p\u00fablicos do munic\u00edpio, o presidente da C\u00e2mara decidiu apresentar sua proposi\u00e7\u00e3o em forma de indica\u00e7\u00e3o, e ap\u00f3s a aprova\u00e7\u00e3o da mat\u00e9ria pelos colegas parlamentares \u2013 que se deu durante a noite desta ter\u00e7a-feira (24), por unanimidade, em sess\u00e3o ordin\u00e1ria \u2013 ele encaminhar\u00e1 ao prefeito Ricardo Almeida (PP) e ao secret\u00e1rio avaliem o seu teor e possam dar prosseguimento no acolhimento da pauta, com a cria\u00e7\u00e3o e execu\u00e7\u00e3o do programa de aux\u00edlio financeiro.<em>Fonte: Sert\u00e3o em Pauta<\/em><\/p>\n","protected":false},"excerpt":{"rendered":"<p>Mat\u00e9ria foi aprovada por unanimidade na sess\u00e3o ordin\u00e1ria desta ter\u00e7a-feira (24)<\/p>\n","protected":false},"author":2,"featured_media":51878,"comment_status":"open","ping_status":"open","sticky":false,"template":"","format":"standard","meta":{"om_disable_all_campaigns":false,"_monsterinsights_skip_tracking":false,"_monsterinsights_sitenote_active":false,"_monsterinsights_sitenote_note":"","_monsterinsights_sitenote_category":0,"footnotes":""},"categories":[4,70,20,69,32],"tags":[100,71,48,211,75,4178,4180,140,1043,129,107,4181,132,230,106,203,120,51,1454,109,88,47,111,190,80],"class_list":["post-51880","post","type-post","status-publish","format-standard","has-post-thumbnail","hentry","category-cicero-dantas","category-destaques","category-educacao","category-noticias2","category-regiao","tag-adustina","tag-antas","tag-araci","tag-camara-de-vereadores","tag-cicero-dantas","tag-cipo-2","tag-crisopolis-2","tag-educacao","tag-eja","tag-euclides-da-cunha","tag-fatima","tag-heliopolis-2","tag-itapicuru","tag-jeremoabo","tag-nova-soure","tag-novo-triunfo","tag-olindina","tag-paripiranga","tag-presidente-da-camara","tag-quijingue","tag-ribeira-do-amparo","tag-ribeira-do-pombal","tag-sitio-do-quinto","tag-tucano","tag-vereador"],"aioseo_notices":[],"_links":{"self":[{"href":"https:\/\/www.portalalerta.com.br\/index.php\/wp-json\/wp\/v2\/posts\/51880","targetHints":{"allow":["GET"]}}],"collection":[{"href":"https:\/\/www.portalalerta.com.br\/index.php\/wp-json\/wp\/v2\/posts"}],"about":[{"href":"https:\/\/www.portalalerta.com.br\/index.php\/wp-json\/wp\/v2\/types\/post"}],"author":[{"embeddable":true,"href":"https:\/\/www.portalalerta.com.br\/index.php\/wp-json\/wp\/v2\/users\/2"}],"replies":[{"embeddable":true,"href":"https:\/\/www.portalalerta.com.br\/index.php\/wp-json\/wp\/v2\/comments?post=51880"}],"version-history":[{"count":2,"href":"https:\/\/www.portalalerta.com.br\/index.php\/wp-json\/wp\/v2\/posts\/51880\/revisions"}],"predecessor-version":[{"id":51892,"href":"https:\/\/www.portalalerta.com.br\/index.php\/wp-json\/wp\/v2\/posts\/51880\/revisions\/51892"}],"wp:featuredmedia":[{"embeddable":true,"href":"https:\/\/www.portalalerta.com.br\/index.php\/wp-json\/wp\/v2\/media\/51878"}],"wp:attachment":[{"href":"https:\/\/www.portalalerta.com.br\/index.php\/wp-json\/wp\/v2\/media?parent=51880"}],"wp:term":[{"taxonomy":"category","embeddable":true,"href":"https:\/\/www.portalalerta.com.br\/index.php\/wp-json\/wp\/v2\/categories?post=51880"},{"taxonomy":"post_tag","embeddable":true,"href":"https:\/\/www.portalalerta.com.br\/index.php\/wp-json\/wp\/v2\/tags?post=51880"}],"curies":[{"name":"wp","href":"https:\/\/api.w.org\/{rel}","templated":true}]}}