{"id":52,"date":"2017-10-17T14:28:37","date_gmt":"2017-10-17T16:28:37","guid":{"rendered":"http:\/\/www.portalalerta.com.br\/?p=52"},"modified":"2017-10-17T14:28:44","modified_gmt":"2017-10-17T16:28:44","slug":"menores-suspeitos-de-praticaram-roubos-sao-apreendidos-com-arma-de-fogo-em-cicero-dantas-ba","status":"publish","type":"post","link":"https:\/\/www.portalalerta.com.br\/index.php\/2017\/10\/17\/menores-suspeitos-de-praticaram-roubos-sao-apreendidos-com-arma-de-fogo-em-cicero-dantas-ba\/","title":{"rendered":"MENORES SUSPEITOS DE PRATICARAM ROUBOS S\u00c3O APREENDIDOS COM ARMA DE FOGO, EM C\u00cdCERO DANTAS-BA"},"content":{"rendered":"<div class=\"itemIntroText\">\n<p><img fetchpriority=\"high\" decoding=\"async\" class=\"size-full wp-image-53 alignleft\" src=\"http:\/\/www.portalalerta.com.br\/wp-content\/uploads\/2017\/10\/portedearman138.jpg\" alt=\"\" width=\"500\" height=\"400\" srcset=\"https:\/\/www.portalalerta.com.br\/wp-content\/uploads\/2017\/10\/portedearman138.jpg 200w, https:\/\/www.portalalerta.com.br\/wp-content\/uploads\/2017\/10\/portedearman138-183x146.jpg 183w, https:\/\/www.portalalerta.com.br\/wp-content\/uploads\/2017\/10\/portedearman138-50x40.jpg 50w, https:\/\/www.portalalerta.com.br\/wp-content\/uploads\/2017\/10\/portedearman138-94x75.jpg 94w\" sizes=\"(max-width: 500px) 100vw, 500px\" \/>No final da manh\u00e3 de quinta-feira, 12, policiais militares do 3\u00ba Pelot\u00e3o\/ C\u00edcero Dantas-BA, receberam uma den\u00fancia, de que dois jovens estariam praticando assaltos na Estrada do Bolqueir\u00e3o, no referido munic\u00edpio.<\/p>\n<\/div>\n<div class=\"itemFullText\">\n<p><img decoding=\"async\" src=\"http:\/\/pombalalerta.com.br\/images\/elab.jpg\" border=\"0\" \/>Imediatamente os militares se dirigiram at\u00e9 o local, onde visualizaram os suspeitos, que ao perceberem a aproxima\u00e7\u00e3o policial dispensaram uma espingarda de fabrica\u00e7\u00e3o artesanal.\u00a0 Os jovens foram abordados, sendo encontrado um canivete sob a posse de um deles, al\u00e9m da arma de fogo, pr\u00f3ximo \u00e0 dupla.<\/p>\n<p>Os menores de iniciais A de J.J, (Zuim), 16 anos, e C.D.P de S, 15 anos, bem como os objetos apreendidos, foram conduzidos para a Delegacia de Pol\u00edcia Civil onde foram apresentados ao agente plantonista. A pol\u00edcia suspeita, que a dupla tenha participado de um assalto na noite anterior, num bar localizado no trevo que liga o munic\u00edpio \u00e0 F\u00e1tima-BA.<\/p>\n<p><a href=\"http:\/\/www.facebook.com.br\/pombalalerta\"><strong>Curta nossa p\u00e1gina no facebook, e continue atualizado sobre tudo o que acontece em Ribeira do Pombal e Regi\u00e3o!\u00a0<\/strong><\/a><\/p>\n<p><a href=\"https:\/\/play.google.com\/store\/apps\/details?id=com.globalstore.pombalalerta&amp;hl=pt_BR\"><strong>Baixe o nosso aplicativo, e fique de olho na not\u00edcia!<\/strong><\/a><\/p>\n<p><em>Reda\u00e7\u00e3o: Pombal Alerta<\/em><\/p>\n<\/div>\n","protected":false},"excerpt":{"rendered":"<p>No final da manh\u00e3 de quinta-feira, 12, policiais militares do 3\u00ba Pelot\u00e3o\/ C\u00edcero Dantas-BA, receberam uma den\u00fancia, de que dois jovens estariam praticando assaltos na Estrada do Bolqueir\u00e3o, no referido munic\u00edpio. Imediatamente os militares se dirigiram at\u00e9 o local, onde visualizaram os suspeitos, que ao perceberem a aproxima\u00e7\u00e3o policial dispensaram uma espingarda de fabrica\u00e7\u00e3o artesanal.\u00a0 &hellip;<\/p>\n","protected":false},"author":1,"featured_media":53,"comment_status":"open","ping_status":"open","sticky":false,"template":"","format":"standard","meta":{"om_disable_all_campaigns":false,"_monsterinsights_skip_tracking":false,"_monsterinsights_sitenote_active":false,"_monsterinsights_sitenote_note":"","_monsterinsights_sitenote_category":0,"footnotes":""},"categories":[4],"tags":[],"class_list":["post-52","post","type-post","status-publish","format-standard","has-post-thumbnail","hentry","category-cicero-dantas"],"aioseo_notices":[],"_links":{"self":[{"href":"https:\/\/www.portalalerta.com.br\/index.php\/wp-json\/wp\/v2\/posts\/52","targetHints":{"allow":["GET"]}}],"collection":[{"href":"https:\/\/www.portalalerta.com.br\/index.php\/wp-json\/wp\/v2\/posts"}],"about":[{"href":"https:\/\/www.portalalerta.com.br\/index.php\/wp-json\/wp\/v2\/types\/post"}],"author":[{"embeddable":true,"href":"https:\/\/www.portalalerta.com.br\/index.php\/wp-json\/wp\/v2\/users\/1"}],"replies":[{"embeddable":true,"href":"https:\/\/www.portalalerta.com.br\/index.php\/wp-json\/wp\/v2\/comments?post=52"}],"version-history":[{"count":0,"href":"https:\/\/www.portalalerta.com.br\/index.php\/wp-json\/wp\/v2\/posts\/52\/revisions"}],"wp:featuredmedia":[{"embeddable":true,"href":"https:\/\/www.portalalerta.com.br\/index.php\/wp-json\/wp\/v2\/media\/53"}],"wp:attachment":[{"href":"https:\/\/www.portalalerta.com.br\/index.php\/wp-json\/wp\/v2\/media?parent=52"}],"wp:term":[{"taxonomy":"category","embeddable":true,"href":"https:\/\/www.portalalerta.com.br\/index.php\/wp-json\/wp\/v2\/categories?post=52"},{"taxonomy":"post_tag","embeddable":true,"href":"https:\/\/www.portalalerta.com.br\/index.php\/wp-json\/wp\/v2\/tags?post=52"}],"curies":[{"name":"wp","href":"https:\/\/api.w.org\/{rel}","templated":true}]}}