{"id":52300,"date":"2023-11-07T15:47:48","date_gmt":"2023-11-07T18:47:48","guid":{"rendered":"https:\/\/www.portalalerta.com.br\/?p=52300"},"modified":"2023-11-07T15:47:50","modified_gmt":"2023-11-07T18:47:50","slug":"bahia-registra-alta-de-mais-de-130-do-numero-de-casos-de-covid-19","status":"publish","type":"post","link":"https:\/\/www.portalalerta.com.br\/index.php\/2023\/11\/07\/bahia-registra-alta-de-mais-de-130-do-numero-de-casos-de-covid-19\/","title":{"rendered":"Bahia registra alta de mais de 130% do n\u00famero de casos de covid-19"},"content":{"rendered":"\n<p>A Bahia teve um aumento de 131,2% em casos de covid-19 registrados na \u00faltima semana \u2013 de 29 de outubro a 4 de novembro, com um total de 654 testes positivos. Esse percentual foi registrado em compara\u00e7\u00e3o com a semana anterior \u2013 de 22 a 28 de outubro \u2013, quando 279 casos foram contabilizados.<\/p>\n\n\n\n<!--more-->\n\n\n\n<p>Os dados s\u00e3o referentes aos testes feitos nos pontos disponibilizados pelo estado e prefeituras, e tamb\u00e9m aos exames feitos em laborat\u00f3rios particulares, mas n\u00e3o engloba testes de farm\u00e1cia.<\/p>\n\n\n<div class=\"wp-block-image\">\n<figure class=\"alignleft size-full\"><img fetchpriority=\"high\" decoding=\"async\" width=\"400\" height=\"300\" src=\"https:\/\/www.portalalerta.com.br\/wp-content\/uploads\/2023\/01\/Auto-Escola-Sonho.jpg\" alt=\"\" class=\"wp-image-47083\" srcset=\"https:\/\/www.portalalerta.com.br\/wp-content\/uploads\/2023\/01\/Auto-Escola-Sonho.jpg 400w, https:\/\/www.portalalerta.com.br\/wp-content\/uploads\/2023\/01\/Auto-Escola-Sonho-320x240.jpg 320w\" sizes=\"(max-width: 400px) 100vw, 400px\" \/><\/figure><\/div>\n\n\n<p>Com sintomas atenuados por causa da vacina\u00e7\u00e3o, a covid-19 tem sido confundida com gripes e resfriados. Por isso, as pessoas t\u00eam buscado menos os testes oficiais, o que dificulta a contabiliza\u00e7\u00e3o dos dados pelos \u00f3rg\u00e3os oficiais, portanto, n\u00e3o d\u00e1 para saber o total exato de doentes.<\/p>\n\n\n\n<p>Em todo o m\u00eas de outubro, foram registrados cinco \u00f3bitos em decorr\u00eancia da covid-19 na Bahia. Nesta segunda-feira (6), cinco pessoas est\u00e3o internadas com a doen\u00e7a. Todas s\u00e3o adultas e quatro delas est\u00e3o em uma Unidade de Terapia Intensiva (UTI), e uma est\u00e1 em leito de enfermaria. A taxa de ocupa\u00e7\u00e3o dos leitos \u00e9 de 7% e 1%, respectivamente.<\/p>\n\n\n\n<p>Desde o in\u00edcio da pandemia, o estado registrou 1.809.050 testes que apontaram infectados \u2013 parte deles s\u00e3o de pessoas que ficaram doentes mais de uma vez. De 2020 para c\u00e1, a Bahia perdeu 31.741 pessoas para a covid-19.<\/p>\n\n\n\n<p><em>Fonte: Not\u00edcias de SantaLuz&nbsp;<\/em><\/p>\n","protected":false},"excerpt":{"rendered":"<p>A Bahia teve um aumento de 131,2% em casos de covid-19 registrados na \u00faltima semana \u2013 de 29 de outubro a 4 de novembro, com um total de 654 testes positivos. Esse percentual foi registrado em compara\u00e7\u00e3o com a semana anterior \u2013 de 22 a 28 de outubro \u2013, quando 279 casos foram contabilizados.<\/p>\n","protected":false},"author":2,"featured_media":22317,"comment_status":"open","ping_status":"open","sticky":false,"template":"","format":"standard","meta":{"om_disable_all_campaigns":false,"_monsterinsights_skip_tracking":false,"_monsterinsights_sitenote_active":false,"_monsterinsights_sitenote_note":"","_monsterinsights_sitenote_category":0,"footnotes":""},"categories":[33,70,69,19],"tags":[100,71,48,54,75,4178,3429,4244,4180,129,107,4181,132,230,106,203,120,51,109,88,47,61,111,190],"class_list":["post-52300","post","type-post","status-publish","format-standard","has-post-thumbnail","hentry","category-bahia","category-destaques","category-noticias2","category-saude","tag-adustina","tag-antas","tag-araci","tag-bahia","tag-cicero-dantas","tag-cipo-2","tag-coronavirus","tag-covid19","tag-crisopolis-2","tag-euclides-da-cunha","tag-fatima","tag-heliopolis-2","tag-itapicuru","tag-jeremoabo","tag-nova-soure","tag-novo-triunfo","tag-olindina","tag-paripiranga","tag-quijingue","tag-ribeira-do-amparo","tag-ribeira-do-pombal","tag-saude","tag-sitio-do-quinto","tag-tucano"],"aioseo_notices":[],"_links":{"self":[{"href":"https:\/\/www.portalalerta.com.br\/index.php\/wp-json\/wp\/v2\/posts\/52300","targetHints":{"allow":["GET"]}}],"collection":[{"href":"https:\/\/www.portalalerta.com.br\/index.php\/wp-json\/wp\/v2\/posts"}],"about":[{"href":"https:\/\/www.portalalerta.com.br\/index.php\/wp-json\/wp\/v2\/types\/post"}],"author":[{"embeddable":true,"href":"https:\/\/www.portalalerta.com.br\/index.php\/wp-json\/wp\/v2\/users\/2"}],"replies":[{"embeddable":true,"href":"https:\/\/www.portalalerta.com.br\/index.php\/wp-json\/wp\/v2\/comments?post=52300"}],"version-history":[{"count":1,"href":"https:\/\/www.portalalerta.com.br\/index.php\/wp-json\/wp\/v2\/posts\/52300\/revisions"}],"predecessor-version":[{"id":52301,"href":"https:\/\/www.portalalerta.com.br\/index.php\/wp-json\/wp\/v2\/posts\/52300\/revisions\/52301"}],"wp:featuredmedia":[{"embeddable":true,"href":"https:\/\/www.portalalerta.com.br\/index.php\/wp-json\/wp\/v2\/media\/22317"}],"wp:attachment":[{"href":"https:\/\/www.portalalerta.com.br\/index.php\/wp-json\/wp\/v2\/media?parent=52300"}],"wp:term":[{"taxonomy":"category","embeddable":true,"href":"https:\/\/www.portalalerta.com.br\/index.php\/wp-json\/wp\/v2\/categories?post=52300"},{"taxonomy":"post_tag","embeddable":true,"href":"https:\/\/www.portalalerta.com.br\/index.php\/wp-json\/wp\/v2\/tags?post=52300"}],"curies":[{"name":"wp","href":"https:\/\/api.w.org\/{rel}","templated":true}]}}