{"id":52302,"date":"2023-11-07T15:51:53","date_gmt":"2023-11-07T18:51:53","guid":{"rendered":"https:\/\/www.portalalerta.com.br\/?p=52302"},"modified":"2023-11-07T15:51:54","modified_gmt":"2023-11-07T18:51:54","slug":"ha-mais-de-um-ano-equipado-colegio-central-de-ribeira-do-pombal-ba-sofre-com-calor-por-conta-da-coelba","status":"publish","type":"post","link":"https:\/\/www.portalalerta.com.br\/index.php\/2023\/11\/07\/ha-mais-de-um-ano-equipado-colegio-central-de-ribeira-do-pombal-ba-sofre-com-calor-por-conta-da-coelba\/","title":{"rendered":"H\u00e1 mais de um ano equipado, Col\u00e9gio Central de Ribeira do Pombal-BA sofre com calor por conta da COELBA"},"content":{"rendered":"\n<p>J\u00e1 se passaram seis anos de quando o Col\u00e9gio Estadual Central, de Ribeira do Pombal-BA, iniciou um Projeto de Climatiza\u00e7\u00e3o das salas de aula, com o objetivo de oferecer mais conforto aos alunos e professores da referida institui\u00e7\u00e3o de ensino.&nbsp;<\/p>\n\n\n\n<!--more-->\n\n\n\n<p>Nesse per\u00edodo, as salas foram forradas e fechadas, e j\u00e1 receberam os aparelhos, que ainda n\u00e3o podem ser ligados, o que torna o local inadequado para o bom andamento dos trabalhos, principalmente em tempos como os atuais, em que o clima na cidade \u00e9 muito quente.&nbsp;<\/p>\n\n\n<div class=\"wp-block-image\">\n<figure class=\"alignleft size-full is-resized\"><img fetchpriority=\"high\" decoding=\"async\" src=\"https:\/\/www.portalalerta.com.br\/wp-content\/uploads\/2022\/03\/Cred-Real.1.jpg\" alt=\"\" class=\"wp-image-41523\" width=\"291\" height=\"233\" srcset=\"https:\/\/www.portalalerta.com.br\/wp-content\/uploads\/2022\/03\/Cred-Real.1.jpg 500w, https:\/\/www.portalalerta.com.br\/wp-content\/uploads\/2022\/03\/Cred-Real.1-300x240.jpg 300w, https:\/\/www.portalalerta.com.br\/wp-content\/uploads\/2022\/03\/Cred-Real.1-183x146.jpg 183w, https:\/\/www.portalalerta.com.br\/wp-content\/uploads\/2022\/03\/Cred-Real.1-50x40.jpg 50w, https:\/\/www.portalalerta.com.br\/wp-content\/uploads\/2022\/03\/Cred-Real.1-94x75.jpg 94w\" sizes=\"(max-width: 291px) 100vw, 291px\" \/><\/figure><\/div>\n\n\n<p>De acordo com informa\u00e7\u00f5es, j\u00e1 se passou um ano, e o \u00fanico obst\u00e1culo se deve a instala\u00e7\u00e3o de um novo Padr\u00e3o de Energia El\u00e9trica, que dever\u00e1 ser feito pela COELBA (Companhia de Eletricidade do Estado da Bahia).&nbsp;<\/p>\n\n\n\n<p>A climatiza\u00e7\u00e3o do Col\u00e9gio Central, beneficiar\u00e1 mais de 800 alunos, bem como os profissionais da institui\u00e7\u00e3o.&nbsp;<\/p>\n\n\n\n<p><em>Reda\u00e7\u00e3o: Portal Alerta&nbsp;<\/em><\/p>\n","protected":false},"excerpt":{"rendered":"<p>J\u00e1 se passaram seis anos de quando o Col\u00e9gio Estadual Central, de Ribeira do Pombal-BA, iniciou um Projeto de Climatiza\u00e7\u00e3o das salas de aula, com o objetivo de oferecer mais conforto aos alunos e professores da referida institui\u00e7\u00e3o de ensino.&nbsp;<\/p>\n","protected":false},"author":2,"featured_media":36918,"comment_status":"open","ping_status":"open","sticky":false,"template":"","format":"standard","meta":{"om_disable_all_campaigns":false,"_monsterinsights_skip_tracking":false,"_monsterinsights_sitenote_active":false,"_monsterinsights_sitenote_note":"","_monsterinsights_sitenote_category":0,"footnotes":""},"categories":[70,20,69,32,3],"tags":[100,71,48,6393,75,4178,855,4796,4180,140,129,107,4181,132,230,106,203,120,51,109,88,47,111,190],"class_list":["post-52302","post","type-post","status-publish","format-standard","has-post-thumbnail","hentry","category-destaques","category-educacao","category-noticias2","category-regiao","category-ribeira-do-pombal","tag-adustina","tag-antas","tag-araci","tag-calor","tag-cicero-dantas","tag-cipo-2","tag-coelba","tag-colegio-central","tag-crisopolis-2","tag-educacao","tag-euclides-da-cunha","tag-fatima","tag-heliopolis-2","tag-itapicuru","tag-jeremoabo","tag-nova-soure","tag-novo-triunfo","tag-olindina","tag-paripiranga","tag-quijingue","tag-ribeira-do-amparo","tag-ribeira-do-pombal","tag-sitio-do-quinto","tag-tucano"],"aioseo_notices":[],"_links":{"self":[{"href":"https:\/\/www.portalalerta.com.br\/index.php\/wp-json\/wp\/v2\/posts\/52302","targetHints":{"allow":["GET"]}}],"collection":[{"href":"https:\/\/www.portalalerta.com.br\/index.php\/wp-json\/wp\/v2\/posts"}],"about":[{"href":"https:\/\/www.portalalerta.com.br\/index.php\/wp-json\/wp\/v2\/types\/post"}],"author":[{"embeddable":true,"href":"https:\/\/www.portalalerta.com.br\/index.php\/wp-json\/wp\/v2\/users\/2"}],"replies":[{"embeddable":true,"href":"https:\/\/www.portalalerta.com.br\/index.php\/wp-json\/wp\/v2\/comments?post=52302"}],"version-history":[{"count":1,"href":"https:\/\/www.portalalerta.com.br\/index.php\/wp-json\/wp\/v2\/posts\/52302\/revisions"}],"predecessor-version":[{"id":52303,"href":"https:\/\/www.portalalerta.com.br\/index.php\/wp-json\/wp\/v2\/posts\/52302\/revisions\/52303"}],"wp:featuredmedia":[{"embeddable":true,"href":"https:\/\/www.portalalerta.com.br\/index.php\/wp-json\/wp\/v2\/media\/36918"}],"wp:attachment":[{"href":"https:\/\/www.portalalerta.com.br\/index.php\/wp-json\/wp\/v2\/media?parent=52302"}],"wp:term":[{"taxonomy":"category","embeddable":true,"href":"https:\/\/www.portalalerta.com.br\/index.php\/wp-json\/wp\/v2\/categories?post=52302"},{"taxonomy":"post_tag","embeddable":true,"href":"https:\/\/www.portalalerta.com.br\/index.php\/wp-json\/wp\/v2\/tags?post=52302"}],"curies":[{"name":"wp","href":"https:\/\/api.w.org\/{rel}","templated":true}]}}