{"id":52384,"date":"2023-11-11T12:09:39","date_gmt":"2023-11-11T15:09:39","guid":{"rendered":"https:\/\/www.portalalerta.com.br\/?p=52384"},"modified":"2023-11-11T12:09:40","modified_gmt":"2023-11-11T15:09:40","slug":"feira-literaria-de-ribeira-do-pombal-ba-2023-imperdivel","status":"publish","type":"post","link":"https:\/\/www.portalalerta.com.br\/index.php\/2023\/11\/11\/feira-literaria-de-ribeira-do-pombal-ba-2023-imperdivel\/","title":{"rendered":"Feira Liter\u00e1ria de Ribeira do Pombal-BA 2023. IMPERD\u00cdVEL!"},"content":{"rendered":"\n<p>A Feira Liter\u00e1ria do Semi\u00e1rido Nordeste II, com o tema Cultura, Literatura, Juventudes, Arte Ancestral e Emancipa\u00e7\u00e3o do Semi\u00e1rido, est\u00e1 cada vez mais recheada de apresenta\u00e7\u00f5es e participa\u00e7\u00f5es importantes que enriquecem ainda mais o evento que vai acontecer nos dias 17 e 18 de novembro, sexta e s\u00e1bado.<\/p>\n\n\n\n<!--more-->\n\n\n<div class=\"wp-block-image\">\n<figure class=\"alignleft size-full is-resized\"><img fetchpriority=\"high\" decoding=\"async\" src=\"https:\/\/www.portalalerta.com.br\/wp-content\/uploads\/2022\/03\/Cred-Real.1.jpg\" alt=\"\" class=\"wp-image-41523\" width=\"394\" height=\"315\" srcset=\"https:\/\/www.portalalerta.com.br\/wp-content\/uploads\/2022\/03\/Cred-Real.1.jpg 500w, https:\/\/www.portalalerta.com.br\/wp-content\/uploads\/2022\/03\/Cred-Real.1-300x240.jpg 300w, https:\/\/www.portalalerta.com.br\/wp-content\/uploads\/2022\/03\/Cred-Real.1-183x146.jpg 183w, https:\/\/www.portalalerta.com.br\/wp-content\/uploads\/2022\/03\/Cred-Real.1-50x40.jpg 50w, https:\/\/www.portalalerta.com.br\/wp-content\/uploads\/2022\/03\/Cred-Real.1-94x75.jpg 94w\" sizes=\"(max-width: 394px) 100vw, 394px\" \/><\/figure><\/div>\n\n\n<p>O evento contar\u00e1 com as presen\u00e7as de: C\u00e1ssia Vale, do cl\u00e1ssico \u201c\u00d3 pa\u00ed, \u00f3\u201d, atriz, muse\u00f3loga, gestora cultural, membro do colegiado do Bando de Teatro Olodum, escritora, Poeta, Contista, dramaturga e diretora teatral; Gabriel Bispo \u00e9 rapper, arte educadora, mobilizador cultural, fundador e produtor do grupo de rap Rajada de Consci\u00eancia. Estudante de Licenciatura em Desenho e Pl\u00e1stica \u2013 UFBA; Jocivaldo dos Anjos, Doutorando em Educa\u00e7\u00e3o e Contemporaneidade (UNEB), pesquisador da Educa\u00e7\u00e3o Escolar Quilombola, mestre em Governo, Estado e Sociedade (FLACSO); Paulinho Jequi\u00e9 \u00e9 \u201ccantador\u201d, compositor, ator, escritor, poeta, declamador e produtor cultural; Quilombo Maria Preta de Banza\u00ea \u00e9 uma associa\u00e7\u00e3o, desde a sua funda\u00e7\u00e3o, atua com foco na busca do desenvolvimento comunit\u00e1rio e no fortalecimento da cidadania e identidade hist\u00f3rica, cultural e social, demandando das autoridades pol\u00edticas, projetos e programas para garantia dos seus direitos b\u00e1sicos, bem-estar e supera\u00e7\u00e3o das desigualdades.<\/p>\n\n\n\n<p>Programa\u00e7\u00e3o completa no <a href=\"https:\/\/www.instagram.com\/flipombal\/\"><strong>Instagram<\/strong><\/a> oficial do evento.<\/p>\n\n\n\n<p><em>Fonte: Web R\u00e1dio Di\u00e1rio<\/em><\/p>\n","protected":false},"excerpt":{"rendered":"<p>A Feira Liter\u00e1ria do Semi\u00e1rido Nordeste II, com o tema Cultura, Literatura, Juventudes, Arte Ancestral e Emancipa\u00e7\u00e3o do Semi\u00e1rido, est\u00e1 cada vez mais recheada de apresenta\u00e7\u00f5es e participa\u00e7\u00f5es importantes que enriquecem ainda mais o evento que vai acontecer nos dias 17 e 18 de novembro, sexta e s\u00e1bado.<\/p>\n","protected":false},"author":2,"featured_media":52376,"comment_status":"open","ping_status":"open","sticky":false,"template":"","format":"standard","meta":{"om_disable_all_campaigns":false,"_monsterinsights_skip_tracking":false,"_monsterinsights_sitenote_active":false,"_monsterinsights_sitenote_note":"","_monsterinsights_sitenote_category":0,"footnotes":""},"categories":[70,20,69,32,3],"tags":[100,71,48,75,4178,4180,129,107,6402,4181,132,230,106,203,120,51,109,88,47,111,190],"class_list":["post-52384","post","type-post","status-publish","format-standard","has-post-thumbnail","hentry","category-destaques","category-educacao","category-noticias2","category-regiao","category-ribeira-do-pombal","tag-adustina","tag-antas","tag-araci","tag-cicero-dantas","tag-cipo-2","tag-crisopolis-2","tag-euclides-da-cunha","tag-fatima","tag-flip","tag-heliopolis-2","tag-itapicuru","tag-jeremoabo","tag-nova-soure","tag-novo-triunfo","tag-olindina","tag-paripiranga","tag-quijingue","tag-ribeira-do-amparo","tag-ribeira-do-pombal","tag-sitio-do-quinto","tag-tucano"],"aioseo_notices":[],"_links":{"self":[{"href":"https:\/\/www.portalalerta.com.br\/index.php\/wp-json\/wp\/v2\/posts\/52384","targetHints":{"allow":["GET"]}}],"collection":[{"href":"https:\/\/www.portalalerta.com.br\/index.php\/wp-json\/wp\/v2\/posts"}],"about":[{"href":"https:\/\/www.portalalerta.com.br\/index.php\/wp-json\/wp\/v2\/types\/post"}],"author":[{"embeddable":true,"href":"https:\/\/www.portalalerta.com.br\/index.php\/wp-json\/wp\/v2\/users\/2"}],"replies":[{"embeddable":true,"href":"https:\/\/www.portalalerta.com.br\/index.php\/wp-json\/wp\/v2\/comments?post=52384"}],"version-history":[{"count":1,"href":"https:\/\/www.portalalerta.com.br\/index.php\/wp-json\/wp\/v2\/posts\/52384\/revisions"}],"predecessor-version":[{"id":52385,"href":"https:\/\/www.portalalerta.com.br\/index.php\/wp-json\/wp\/v2\/posts\/52384\/revisions\/52385"}],"wp:featuredmedia":[{"embeddable":true,"href":"https:\/\/www.portalalerta.com.br\/index.php\/wp-json\/wp\/v2\/media\/52376"}],"wp:attachment":[{"href":"https:\/\/www.portalalerta.com.br\/index.php\/wp-json\/wp\/v2\/media?parent=52384"}],"wp:term":[{"taxonomy":"category","embeddable":true,"href":"https:\/\/www.portalalerta.com.br\/index.php\/wp-json\/wp\/v2\/categories?post=52384"},{"taxonomy":"post_tag","embeddable":true,"href":"https:\/\/www.portalalerta.com.br\/index.php\/wp-json\/wp\/v2\/tags?post=52384"}],"curies":[{"name":"wp","href":"https:\/\/api.w.org\/{rel}","templated":true}]}}