{"id":5258,"date":"2018-03-05T09:45:45","date_gmt":"2018-03-05T12:45:45","guid":{"rendered":"http:\/\/www.portalalerta.com.br\/?p=5258"},"modified":"2018-03-05T09:45:45","modified_gmt":"2018-03-05T12:45:45","slug":"prefeitura-de-ribeira-do-pombal-ba-realiza-audiencia-publica-para-prestacao-de-contas-do-3o-quadrimestre-de-2017","status":"publish","type":"post","link":"https:\/\/www.portalalerta.com.br\/index.php\/2018\/03\/05\/prefeitura-de-ribeira-do-pombal-ba-realiza-audiencia-publica-para-prestacao-de-contas-do-3o-quadrimestre-de-2017\/","title":{"rendered":"Prefeitura de Ribeira do Pombal-BA realiza audi\u00eancia p\u00fablica para Presta\u00e7\u00e3o de Contas do 3\u00ba Quadrimestre de 2017"},"content":{"rendered":"<p style=\"text-align: justify;\">Na \u00faltima quinta-feira, 1\u00ba, a prefeitura de Ribeira do Pombal-BA, realizou uma Audi\u00eancia P\u00fablica, no Plen\u00e1rio da C\u00e2mara de Vereadores do munic\u00edpio, com a finalidade de prestar contas referentes \u00e0 Execu\u00e7\u00e3o Or\u00e7ament\u00e1ria do 3\u00ba Quadrimestre de 2017.<!--more--><\/p>\n<p style=\"text-align: justify;\"><img fetchpriority=\"high\" decoding=\"async\" class=\"size-full wp-image-2867 aligncenter\" src=\"http:\/\/www.portalalerta.com.br\/wp-content\/uploads\/2017\/11\/protege-1.jpg\" alt=\"\" width=\"600\" height=\"140\" \/>Na ocasi\u00e3o, Tomaz, contador do munic\u00edpio, apresentou o balan\u00e7o das receitas e das despesas, tanto com o poder executivo, quanto com o legislativo. Tal presta\u00e7\u00e3o de contas est\u00e1 prevista em lei, no Artigo 9\u00ba, \u00a7 4\u00ba da Lei de Responsabilidade Fiscal onde prever que: <em>\u201cAt\u00e9 o final dos meses de fevereiro, maio e setembro, o Poder Executivo demonstrar\u00e1 e avaliar\u00e1 o cumprimento das metas fiscais de cada quadrimestre, em audi\u00eancia p\u00fablica nas Casas Legislativas\u201d<\/em>.<\/p>\n<p style=\"text-align: justify;\">Al\u00e9m da presen\u00e7a de poucos representantes da sociedade civil, acompanharam a Audi\u00eancia: Bal, Irm\u00e3o Ezequias e Marcelo Silva (Vereadores da Situa\u00e7\u00e3o); Netinho e Pedro Mel (Vereadores da Oposi\u00e7\u00e3o); al\u00e9m do Secret\u00e1rio de Finan\u00e7as do munic\u00edpio, \u00a0Dr. Armando.<\/p>\n<p><img decoding=\"async\" class=\"wp-image-5259 size-full aligncenter\" src=\"http:\/\/www.portalalerta.com.br\/wp-content\/uploads\/2018\/03\/Presta\u00e7\u00e3o-de-contas-Pombal-2017.1.jpg\" alt=\"\" width=\"500\" height=\"350\" srcset=\"https:\/\/www.portalalerta.com.br\/wp-content\/uploads\/2018\/03\/Presta\u00e7\u00e3o-de-contas-Pombal-2017.1.jpg 500w, https:\/\/www.portalalerta.com.br\/wp-content\/uploads\/2018\/03\/Presta\u00e7\u00e3o-de-contas-Pombal-2017.1-343x240.jpg 343w, https:\/\/www.portalalerta.com.br\/wp-content\/uploads\/2018\/03\/Presta\u00e7\u00e3o-de-contas-Pombal-2017.1-209x146.jpg 209w, https:\/\/www.portalalerta.com.br\/wp-content\/uploads\/2018\/03\/Presta\u00e7\u00e3o-de-contas-Pombal-2017.1-50x35.jpg 50w, https:\/\/www.portalalerta.com.br\/wp-content\/uploads\/2018\/03\/Presta\u00e7\u00e3o-de-contas-Pombal-2017.1-107x75.jpg 107w\" sizes=\"(max-width: 500px) 100vw, 500px\" \/><\/p>\n<p style=\"text-align: justify;\"><a href=\"http:\/\/www.facebook.com.br\/pombalalerta\"><strong>Curta nossa p\u00e1gina no facebook, e continue atualizado sobre tudo o que acontece em sua cidade!<\/strong><\/a><\/p>\n<p style=\"text-align: justify;\"><a href=\"https:\/\/play.google.com\/store\/apps\/details?id=com.globalstore.pombalalerta&amp;hl=pt_BR\"><strong>Baixe o nosso aplicativo, e fique de olho na not\u00edcia!<\/strong><\/a><\/p>\n<p style=\"text-align: justify;\"><em>Reda\u00e7\u00e3o: Portal Alerta<\/em><\/p>\n","protected":false},"excerpt":{"rendered":"<p>Na \u00faltima quinta-feira, 1\u00ba, a prefeitura de Ribeira do Pombal-BA, realizou uma Audi\u00eancia P\u00fablica, no Plen\u00e1rio da C\u00e2mara de Vereadores do munic\u00edpio, com a finalidade de prestar contas referentes \u00e0 Execu\u00e7\u00e3o Or\u00e7ament\u00e1ria do 3\u00ba Quadrimestre de 2017.<\/p>\n","protected":false},"author":2,"featured_media":5260,"comment_status":"closed","ping_status":"open","sticky":false,"template":"","format":"standard","meta":{"om_disable_all_campaigns":false,"_monsterinsights_skip_tracking":false,"_monsterinsights_sitenote_active":false,"_monsterinsights_sitenote_note":"","_monsterinsights_sitenote_category":0,"footnotes":""},"categories":[70,69,21,32,3],"tags":[99,211,145,672,47],"class_list":["post-5258","post","type-post","status-publish","format-standard","has-post-thumbnail","hentry","category-destaques","category-noticias2","category-politica","category-regiao","category-ribeira-do-pombal","tag-99","tag-camara-de-vereadores","tag-prefeitura","tag-prestacao-de-contas","tag-ribeira-do-pombal"],"aioseo_notices":[],"_links":{"self":[{"href":"https:\/\/www.portalalerta.com.br\/index.php\/wp-json\/wp\/v2\/posts\/5258","targetHints":{"allow":["GET"]}}],"collection":[{"href":"https:\/\/www.portalalerta.com.br\/index.php\/wp-json\/wp\/v2\/posts"}],"about":[{"href":"https:\/\/www.portalalerta.com.br\/index.php\/wp-json\/wp\/v2\/types\/post"}],"author":[{"embeddable":true,"href":"https:\/\/www.portalalerta.com.br\/index.php\/wp-json\/wp\/v2\/users\/2"}],"replies":[{"embeddable":true,"href":"https:\/\/www.portalalerta.com.br\/index.php\/wp-json\/wp\/v2\/comments?post=5258"}],"version-history":[{"count":0,"href":"https:\/\/www.portalalerta.com.br\/index.php\/wp-json\/wp\/v2\/posts\/5258\/revisions"}],"wp:featuredmedia":[{"embeddable":true,"href":"https:\/\/www.portalalerta.com.br\/index.php\/wp-json\/wp\/v2\/media\/5260"}],"wp:attachment":[{"href":"https:\/\/www.portalalerta.com.br\/index.php\/wp-json\/wp\/v2\/media?parent=5258"}],"wp:term":[{"taxonomy":"category","embeddable":true,"href":"https:\/\/www.portalalerta.com.br\/index.php\/wp-json\/wp\/v2\/categories?post=5258"},{"taxonomy":"post_tag","embeddable":true,"href":"https:\/\/www.portalalerta.com.br\/index.php\/wp-json\/wp\/v2\/tags?post=5258"}],"curies":[{"name":"wp","href":"https:\/\/api.w.org\/{rel}","templated":true}]}}