{"id":5262,"date":"2018-03-05T10:00:39","date_gmt":"2018-03-05T13:00:39","guid":{"rendered":"http:\/\/www.portalalerta.com.br\/?p=5262"},"modified":"2018-03-05T10:00:39","modified_gmt":"2018-03-05T13:00:39","slug":"funcionario-do-detran-bahia-e-outros-tres-homens-sao-presos-por-roubo-de-carga","status":"publish","type":"post","link":"https:\/\/www.portalalerta.com.br\/index.php\/2018\/03\/05\/funcionario-do-detran-bahia-e-outros-tres-homens-sao-presos-por-roubo-de-carga\/","title":{"rendered":"Funcion\u00e1rio do Detran Bahia e outros tr\u00eas homens s\u00e3o presos por roubo de carga"},"content":{"rendered":"<p style=\"text-align: justify;\">Uma carga de carne e produtos aliment\u00edcios avaliada em R$ 80 mil foi recuperada na tarde da \u00faltima quinta-feira (1\u00ba) na estrada Cascalheira, em Cama\u00e7ari, na regi\u00e3o metropolitana de Salvador.\u00a0<!--more--><\/p>\n<p style=\"text-align: justify;\">Quatro suspeitos de envolvimento no roubo foram presos, entre eles, um comerciante e funcion\u00e1rio do Departamento Estadual de Tr\u00e2nsito da Bahia (Detran) de Sim\u00f5es Filho.<\/p>\n<p style=\"text-align: justify;\">Conforme apontam as investiga\u00e7\u00f5es, ap\u00f3s o roubo, a quadrilha conseguiu transportar o caminh\u00e3o com a carga at\u00e9 o munic\u00edpio de Sim\u00f5es Filho e, depois, distribuiu em tr\u00eas postos distintos de Salvador e regi\u00e3o metropolitana, que n\u00e3o foram especificados pela pol\u00edcia, informa o G1.<\/p>\n<p style=\"text-align: justify;\"><img decoding=\"async\" class=\"size-full wp-image-2814 alignleft\" src=\"http:\/\/www.portalalerta.com.br\/wp-content\/uploads\/2017\/11\/banner9.png\" alt=\"\" width=\"270\" height=\"174\" srcset=\"https:\/\/www.portalalerta.com.br\/wp-content\/uploads\/2017\/11\/banner9.png 270w, https:\/\/www.portalalerta.com.br\/wp-content\/uploads\/2017\/11\/banner9-227x146.png 227w, https:\/\/www.portalalerta.com.br\/wp-content\/uploads\/2017\/11\/banner9-50x32.png 50w, https:\/\/www.portalalerta.com.br\/wp-content\/uploads\/2017\/11\/banner9-116x75.png 116w\" sizes=\"(max-width: 270px) 100vw, 270px\" \/>Segundo o delegado Gustavo Coutinho, titular da Delegacia de Repress\u00e3o a Furtos e Roubos de Cargas em Rodovias (Decarga), na a\u00e7\u00e3o foram presos e autuados por crime de recepta\u00e7\u00e3o Hamilton Menezes dos Santos, que de acordo com a pol\u00edcia, descarregou a carga roubada repassando para caminh\u00f5es menores; e Leandro dos Santos Neves, respons\u00e1vel por distribuir os produtos para donos de mercados em Salvador.<\/p>\n<p style=\"text-align: justify;\">Depois, de acordo com a pol\u00edcia, os investigadores localizaram e prenderam Neilton Paulino de Lima, homem apontado como funcion\u00e1rio do Detran de Sim\u00f5es Filho. Neilton, segundo a pol\u00edcia, recebeu parte da carga roubada. O propriet\u00e1rio de um frigor\u00edfico em Salvador, que estava envolvido no esquema de armazenagem e comercializa\u00e7\u00e3o tamb\u00e9m foi preso. Ele foi identificado como Delmiro Dias dos Santos Vital.<\/p>\n<p style=\"text-align: justify;\">O homem apontado como l\u00edder da quadrilha e envolvido diretamente no roubo, Nathieldo Monteiro Bezerra, \u00e9 procurado pela pol\u00edcia. Ele tamb\u00e9m \u00e9 apontado por c\u00e1rcere privado do motorista do caminh\u00e3o alvo do roubo. De acordo com o delegado, as investiga\u00e7\u00f5es seguem com o objetivo de localizar Nathieldo.<\/p>\n<p style=\"text-align: justify;\"><em>Fonte: Boc\u00e3o News <\/em><\/p>\n","protected":false},"excerpt":{"rendered":"<p>Uma carga de carne e produtos aliment\u00edcios avaliada em R$ 80 mil foi recuperada na tarde da \u00faltima quinta-feira (1\u00ba) na estrada Cascalheira, em Cama\u00e7ari, na regi\u00e3o metropolitana de Salvador.\u00a0<\/p>\n","protected":false},"author":2,"featured_media":5263,"comment_status":"closed","ping_status":"open","sticky":false,"template":"","format":"standard","meta":{"om_disable_all_campaigns":false,"_monsterinsights_skip_tracking":false,"_monsterinsights_sitenote_active":false,"_monsterinsights_sitenote_note":"","_monsterinsights_sitenote_category":0,"footnotes":""},"categories":[33,70,69,22],"tags":[54,699,319,122,110,698,330,399],"class_list":["post-5262","post","type-post","status-publish","format-standard","has-post-thumbnail","hentry","category-bahia","category-destaques","category-noticias2","category-seguranca","tag-bahia","tag-decarga","tag-detran","tag-policia-civil","tag-presos","tag-roubo-de-carga","tag-salvador","tag-simoes-filho"],"aioseo_notices":[],"_links":{"self":[{"href":"https:\/\/www.portalalerta.com.br\/index.php\/wp-json\/wp\/v2\/posts\/5262","targetHints":{"allow":["GET"]}}],"collection":[{"href":"https:\/\/www.portalalerta.com.br\/index.php\/wp-json\/wp\/v2\/posts"}],"about":[{"href":"https:\/\/www.portalalerta.com.br\/index.php\/wp-json\/wp\/v2\/types\/post"}],"author":[{"embeddable":true,"href":"https:\/\/www.portalalerta.com.br\/index.php\/wp-json\/wp\/v2\/users\/2"}],"replies":[{"embeddable":true,"href":"https:\/\/www.portalalerta.com.br\/index.php\/wp-json\/wp\/v2\/comments?post=5262"}],"version-history":[{"count":0,"href":"https:\/\/www.portalalerta.com.br\/index.php\/wp-json\/wp\/v2\/posts\/5262\/revisions"}],"wp:featuredmedia":[{"embeddable":true,"href":"https:\/\/www.portalalerta.com.br\/index.php\/wp-json\/wp\/v2\/media\/5263"}],"wp:attachment":[{"href":"https:\/\/www.portalalerta.com.br\/index.php\/wp-json\/wp\/v2\/media?parent=5262"}],"wp:term":[{"taxonomy":"category","embeddable":true,"href":"https:\/\/www.portalalerta.com.br\/index.php\/wp-json\/wp\/v2\/categories?post=5262"},{"taxonomy":"post_tag","embeddable":true,"href":"https:\/\/www.portalalerta.com.br\/index.php\/wp-json\/wp\/v2\/tags?post=5262"}],"curies":[{"name":"wp","href":"https:\/\/api.w.org\/{rel}","templated":true}]}}